{"id":18934,"date":"2026-08-02T12:32:21","date_gmt":"2026-08-02T10:32:21","guid":{"rendered":"https:\/\/plazara.eus\/qui-sont-les-parents-des-ikastola\/"},"modified":"2026-08-31T12:44:28","modified_gmt":"2026-08-31T10:44:28","slug":"qui-sont-les-parents-des-ikastola","status":"publish","type":"post","link":"https:\/\/plazara.eus\/fr\/qui-sont-les-parents-des-ikastola\/","title":{"rendered":"Qui sont les parents des ikastola ?"},"content":{"rendered":"\t\t<div data-elementor-type=\"wp-post\" data-elementor-id=\"18934\" class=\"elementor elementor-18934 elementor-18929\" data-elementor-post-type=\"post\">\n\t\t\t\t<div class=\"elementor-element elementor-element-64cf879d e-flex e-con-boxed e-con e-parent\" data-id=\"64cf879d\" data-element_type=\"container\" data-e-type=\"container\">\n\t\t\t\t\t<div class=\"e-con-inner\">\n\t\t\t\t<div class=\"elementor-element elementor-element-340d212d elementor-widget elementor-widget-text-editor\" data-id=\"340d212d\" data-element_type=\"widget\" data-e-type=\"widget\" data-widget_type=\"text-editor.default\">\n\t\t\t\t<div class=\"elementor-widget-container\">\n\t\t\t\t\t\t\t\t\t<p>Pendant 14 mois, durant l&rsquo;ann\u00e9e scolaire 2025\/2026, nous avons men\u00e9 une \u00e9tude pour Seaska. L&rsquo;objectif : mieux conna\u00eetre les parents des ikastola du Pays Basque nord.<br \/>Depuis l&rsquo;ouverture de la premi\u00e8re ikastola en 1969, beaucoup de choses ont chang\u00e9 en Euskal Herri. Mais Seaska reste fid\u00e8le \u00e0 son ambition de d\u00e9part : transmettre l\u2019euskara aux jeunes g\u00e9n\u00e9rations et en faire des citoyens engag\u00e9s.  <\/p>\t\t\t\t\t\t\t\t<\/div>\n\t\t\t\t<\/div>\n\t\t\t\t\t<\/div>\n\t\t\t\t<\/div>\n\t\t<div class=\"elementor-element elementor-element-36f9abff e-flex e-con-boxed e-con e-parent\" data-id=\"36f9abff\" data-element_type=\"container\" data-e-type=\"container\">\n\t\t\t\t\t<div class=\"e-con-inner\">\n\t\t\t\t<div class=\"elementor-element elementor-element-923372d elementor-widget elementor-widget-text-editor\" data-id=\"923372d\" data-element_type=\"widget\" data-e-type=\"widget\" data-widget_type=\"text-editor.default\">\n\t\t\t\t<div class=\"elementor-widget-container\">\n\t\t\t\t\t\t\t\t\t<h2><strong>Un contexte qui \u00e9volue<\/strong><\/h2><p>Baisse des naissances, essor de l&rsquo;enseignement du basque dans le public et le catholique, transformation sociod\u00e9mographique de la population : autant de facteurs qui redessinent la sociologie et le d\u00e9veloppement des ikastola.<\/p><p>Face \u00e0 ces enjeux, Seaska a voulu dresser le portrait de ses parents d&rsquo;aujourd&rsquo;hui : qui sont-ils, quelles sont leurs motivations, leurs pr\u00e9occupations, leurs avis ? L&rsquo;id\u00e9e : mieux anticiper les d\u00e9fis \u00e0 venir.<\/p><h2><strong>Une ann\u00e9e de travail<\/strong><\/h2><p>Nous avons construit une \u00e9tude en deux volets :<\/p><ul><li>\u00b7 Qualitatif<ul><li>3 groupes de discussion<\/li><li>\u00e0 Saint-Palais, Hasparren et Biarritz<\/li><li>28 parents participants au total<\/li><\/ul><\/li><li>\u00b7 Quantitatif<ul><li>1 questionnaire<\/li><li>2 346 r\u00e9pondants<\/li><li>5 000 r\u00e9ponses ouvertes<\/li><\/ul><\/li><\/ul><p><br>Le chemin nous a beaucoup appris. Au sein du collectif Plazara, nombre d&rsquo;entre nous sont d&rsquo;ancien\u00b7nes \u00e9l\u00e8ves d&rsquo;ikastola, aujourd&rsquo;hui parents, parfois m\u00eame ancien\u00b7nes salari\u00e9\u00b7es de Seaska. En \u00e9coutant et en lisant les parents d&rsquo;aujourd&rsquo;hui, des \u00e9l\u00e9ments passionnants ont \u00e9merg\u00e9.  <\/p><p>Entre \u00ab les parents d&rsquo;aujourd&rsquo;hui s&rsquo;impliquent moins qu&rsquo;avant \u00bb et \u00ab il faut ouvrir et d\u00e9politiser l&rsquo;ikastola \u00bb, de nouvelles pistes d&rsquo;action se sont dessin\u00e9es.<\/p><p>Au-del\u00e0 d&rsquo;une simple restitution descriptive des r\u00e9sultats, nous avons voulu porter notre travail au niveau op\u00e9rationnel. Le rapport propose ainsi des actions concr\u00e8tes, envisageables dans les ann\u00e9es \u00e0 venir, nourries par la sociolinguistique appliqu\u00e9e. <\/p><p>Milesker Seaska pour votre confiance, eta segin aitzina !<\/p>\t\t\t\t\t\t\t\t<\/div>\n\t\t\t\t<\/div>\n\t\t\t\t\t<\/div>\n\t\t\t\t<\/div>\n\t\t\t\t<\/div>\n\t\t","protected":false},"excerpt":{"rendered":"<p>Pendant 14 mois, durant l&rsquo;ann\u00e9e scolaire 2025\/2026, nous avons men\u00e9 une \u00e9tude pour Seaska. L&rsquo;objectif : mieux conna\u00eetre les parents des ikastola du Pays Basque nord.Depuis l&rsquo;ouverture de la premi\u00e8re ikastola en 1969, beaucoup de choses ont chang\u00e9 en Euskal Herri. Mais Seaska reste fid\u00e8le \u00e0 son ambition de d\u00e9part : transmettre l\u2019euskara aux jeunes [&hellip;]<\/p>\n","protected":false},"author":1,"featured_media":0,"comment_status":"closed","ping_status":"closed","sticky":false,"template":"","format":"standard","meta":{"_acf_changed":false,"footnotes":""},"categories":[103],"tags":[],"class_list":["post-18934","post","type-post","status-publish","format-standard","hentry","category-nos-services"],"acf":[],"yoast_head":"<!-- This site is optimized with the Yoast SEO plugin v28.3 - https:\/\/yoast.com\/product\/yoast-seo-wordpress\/ -->\n<title>Qui sont les parents des ikastola ? &#8226; Plazara<\/title>\n<meta name=\"robots\" content=\"index, follow, max-snippet:-1, max-image-preview:large, max-video-preview:-1\" \/>\n<link rel=\"canonical\" href=\"https:\/\/plazara.eus\/fr\/qui-sont-les-parents-des-ikastola\/\" \/>\n<meta property=\"og:locale\" content=\"fr_FR\" \/>\n<meta property=\"og:type\" content=\"article\" \/>\n<meta property=\"og:title\" content=\"Qui sont les parents des ikastola ? &#8226; Plazara\" \/>\n<meta property=\"og:description\" content=\"Pendant 14 mois, durant l&rsquo;ann\u00e9e scolaire 2025\/2026, nous avons men\u00e9 une \u00e9tude pour Seaska. L&rsquo;objectif : mieux conna\u00eetre les parents des ikastola du Pays Basque nord.Depuis l&rsquo;ouverture de la premi\u00e8re ikastola en 1969, beaucoup de choses ont chang\u00e9 en Euskal Herri. Mais Seaska reste fid\u00e8le \u00e0 son ambition de d\u00e9part : transmettre l\u2019euskara aux jeunes [&hellip;]\" \/>\n<meta property=\"og:url\" content=\"https:\/\/plazara.eus\/fr\/qui-sont-les-parents-des-ikastola\/\" \/>\n<meta property=\"og:site_name\" content=\"Plazara\" \/>\n<meta property=\"article:publisher\" content=\"https:\/\/www.facebook.com\/plazara.koop\" \/>\n<meta property=\"article:published_time\" content=\"2026-08-02T10:32:21+00:00\" \/>\n<meta property=\"article:modified_time\" content=\"2026-08-31T10:44:28+00:00\" \/>\n<meta property=\"og:image\" content=\"https:\/\/plazara.eus\/wp-content\/uploads\/2023\/09\/plazara-slide.jpg\" \/>\n\t<meta property=\"og:image:width\" content=\"2500\" \/>\n\t<meta property=\"og:image:height\" content=\"1667\" \/>\n\t<meta property=\"og:image:type\" content=\"image\/jpeg\" \/>\n<meta name=\"author\" content=\"admin\" \/>\n<meta name=\"twitter:card\" content=\"summary_large_image\" \/>\n<meta name=\"twitter:label1\" content=\"\u00c9crit par\" \/>\n\t<meta name=\"twitter:data1\" content=\"admin\" \/>\n\t<meta name=\"twitter:label2\" content=\"Dur\u00e9e de lecture estim\u00e9e\" \/>\n\t<meta name=\"twitter:data2\" content=\"1 minute\" \/>\n<script type=\"application\/ld+json\" class=\"yoast-schema-graph\">{\"@context\":\"https:\\\/\\\/schema.org\",\"@graph\":[{\"@type\":\"Article\",\"@id\":\"https:\\\/\\\/plazara.eus\\\/fr\\\/qui-sont-les-parents-des-ikastola\\\/#article\",\"isPartOf\":{\"@id\":\"https:\\\/\\\/plazara.eus\\\/fr\\\/qui-sont-les-parents-des-ikastola\\\/\"},\"author\":{\"name\":\"admin\",\"@id\":\"https:\\\/\\\/plazara.eus\\\/fr\\\/#\\\/schema\\\/person\\\/f654adbfb96fb1dd2a67067248a4d25a\"},\"headline\":\"Qui sont les parents des ikastola ?\",\"datePublished\":\"2026-08-02T10:32:21+00:00\",\"dateModified\":\"2026-08-31T10:44:28+00:00\",\"mainEntityOfPage\":{\"@id\":\"https:\\\/\\\/plazara.eus\\\/fr\\\/qui-sont-les-parents-des-ikastola\\\/\"},\"wordCount\":307,\"publisher\":{\"@id\":\"https:\\\/\\\/plazara.eus\\\/fr\\\/#organization\"},\"articleSection\":[\"Nos services\"],\"inLanguage\":\"fr-FR\"},{\"@type\":\"WebPage\",\"@id\":\"https:\\\/\\\/plazara.eus\\\/fr\\\/qui-sont-les-parents-des-ikastola\\\/\",\"url\":\"https:\\\/\\\/plazara.eus\\\/fr\\\/qui-sont-les-parents-des-ikastola\\\/\",\"name\":\"Qui sont les parents des ikastola ? &#8226; Plazara\",\"isPartOf\":{\"@id\":\"https:\\\/\\\/plazara.eus\\\/fr\\\/#website\"},\"datePublished\":\"2026-08-02T10:32:21+00:00\",\"dateModified\":\"2026-08-31T10:44:28+00:00\",\"breadcrumb\":{\"@id\":\"https:\\\/\\\/plazara.eus\\\/fr\\\/qui-sont-les-parents-des-ikastola\\\/#breadcrumb\"},\"inLanguage\":\"fr-FR\",\"potentialAction\":[{\"@type\":\"ReadAction\",\"target\":[\"https:\\\/\\\/plazara.eus\\\/fr\\\/qui-sont-les-parents-des-ikastola\\\/\"]}]},{\"@type\":\"BreadcrumbList\",\"@id\":\"https:\\\/\\\/plazara.eus\\\/fr\\\/qui-sont-les-parents-des-ikastola\\\/#breadcrumb\",\"itemListElement\":[{\"@type\":\"ListItem\",\"position\":1,\"name\":\"Accueil\",\"item\":\"https:\\\/\\\/plazara.eus\\\/fr\\\/\"},{\"@type\":\"ListItem\",\"position\":2,\"name\":\"Qui sont les parents des ikastola ?\"}]},{\"@type\":\"WebSite\",\"@id\":\"https:\\\/\\\/plazara.eus\\\/fr\\\/#website\",\"url\":\"https:\\\/\\\/plazara.eus\\\/fr\\\/\",\"name\":\"Plazara\",\"description\":\"Euskara erdigunera\",\"publisher\":{\"@id\":\"https:\\\/\\\/plazara.eus\\\/fr\\\/#organization\"},\"alternateName\":\"plzr\",\"potentialAction\":[{\"@type\":\"SearchAction\",\"target\":{\"@type\":\"EntryPoint\",\"urlTemplate\":\"https:\\\/\\\/plazara.eus\\\/fr\\\/?s={search_term_string}\"},\"query-input\":{\"@type\":\"PropertyValueSpecification\",\"valueRequired\":true,\"valueName\":\"search_term_string\"}}],\"inLanguage\":\"fr-FR\"},{\"@type\":\"Organization\",\"@id\":\"https:\\\/\\\/plazara.eus\\\/fr\\\/#organization\",\"name\":\"Plazara\",\"url\":\"https:\\\/\\\/plazara.eus\\\/fr\\\/\",\"logo\":{\"@type\":\"ImageObject\",\"inLanguage\":\"fr-FR\",\"@id\":\"https:\\\/\\\/plazara.eus\\\/fr\\\/#\\\/schema\\\/logo\\\/image\\\/\",\"url\":\"https:\\\/\\\/plazara.eus\\\/wp-content\\\/uploads\\\/2023\\\/09\\\/logo-plazara-mobile.png\",\"contentUrl\":\"https:\\\/\\\/plazara.eus\\\/wp-content\\\/uploads\\\/2023\\\/09\\\/logo-plazara-mobile.png\",\"width\":265,\"height\":90,\"caption\":\"Plazara\"},\"image\":{\"@id\":\"https:\\\/\\\/plazara.eus\\\/fr\\\/#\\\/schema\\\/logo\\\/image\\\/\"},\"sameAs\":[\"https:\\\/\\\/www.facebook.com\\\/plazara.koop\",\"https:\\\/\\\/www.instagram.com\\\/plazara.koop\\\/\"]},{\"@type\":\"Person\",\"@id\":\"https:\\\/\\\/plazara.eus\\\/fr\\\/#\\\/schema\\\/person\\\/f654adbfb96fb1dd2a67067248a4d25a\",\"name\":\"admin\",\"image\":{\"@type\":\"ImageObject\",\"inLanguage\":\"fr-FR\",\"@id\":\"https:\\\/\\\/secure.gravatar.com\\\/avatar\\\/10eae57f9d0e64fa4fa966e9ec11974748bd29387a0dfa01a9623967684428bd?s=96&d=mm&r=g\",\"url\":\"https:\\\/\\\/secure.gravatar.com\\\/avatar\\\/10eae57f9d0e64fa4fa966e9ec11974748bd29387a0dfa01a9623967684428bd?s=96&d=mm&r=g\",\"contentUrl\":\"https:\\\/\\\/secure.gravatar.com\\\/avatar\\\/10eae57f9d0e64fa4fa966e9ec11974748bd29387a0dfa01a9623967684428bd?s=96&d=mm&r=g\",\"caption\":\"admin\"},\"sameAs\":[\"https:\\\/\\\/plazara.lantegia.io\"],\"url\":\"https:\\\/\\\/plazara.eus\\\/fr\\\/author\\\/davidsoroheta_2jupt0jj\\\/\"}]}<\/script>\n<!-- \/ Yoast SEO plugin. -->","yoast_head_json":{"title":"Qui sont les parents des ikastola ? &#8226; Plazara","robots":{"index":"index","follow":"follow","max-snippet":"max-snippet:-1","max-image-preview":"max-image-preview:large","max-video-preview":"max-video-preview:-1"},"canonical":"https:\/\/plazara.eus\/fr\/qui-sont-les-parents-des-ikastola\/","og_locale":"fr_FR","og_type":"article","og_title":"Qui sont les parents des ikastola ? &#8226; Plazara","og_description":"Pendant 14 mois, durant l&rsquo;ann\u00e9e scolaire 2025\/2026, nous avons men\u00e9 une \u00e9tude pour Seaska. L&rsquo;objectif : mieux conna\u00eetre les parents des ikastola du Pays Basque nord.Depuis l&rsquo;ouverture de la premi\u00e8re ikastola en 1969, beaucoup de choses ont chang\u00e9 en Euskal Herri. Mais Seaska reste fid\u00e8le \u00e0 son ambition de d\u00e9part : transmettre l\u2019euskara aux jeunes [&hellip;]","og_url":"https:\/\/plazara.eus\/fr\/qui-sont-les-parents-des-ikastola\/","og_site_name":"Plazara","article_publisher":"https:\/\/www.facebook.com\/plazara.koop","article_published_time":"2026-08-02T10:32:21+00:00","article_modified_time":"2026-08-31T10:44:28+00:00","og_image":[{"width":2500,"height":1667,"url":"https:\/\/plazara.eus\/wp-content\/uploads\/2023\/09\/plazara-slide.jpg","type":"image\/jpeg"}],"author":"admin","twitter_card":"summary_large_image","twitter_misc":{"\u00c9crit par":"admin","Dur\u00e9e de lecture estim\u00e9e":"1 minute"},"schema":{"@context":"https:\/\/schema.org","@graph":[{"@type":"Article","@id":"https:\/\/plazara.eus\/fr\/qui-sont-les-parents-des-ikastola\/#article","isPartOf":{"@id":"https:\/\/plazara.eus\/fr\/qui-sont-les-parents-des-ikastola\/"},"author":{"name":"admin","@id":"https:\/\/plazara.eus\/fr\/#\/schema\/person\/f654adbfb96fb1dd2a67067248a4d25a"},"headline":"Qui sont les parents des ikastola ?","datePublished":"2026-08-02T10:32:21+00:00","dateModified":"2026-08-31T10:44:28+00:00","mainEntityOfPage":{"@id":"https:\/\/plazara.eus\/fr\/qui-sont-les-parents-des-ikastola\/"},"wordCount":307,"publisher":{"@id":"https:\/\/plazara.eus\/fr\/#organization"},"articleSection":["Nos services"],"inLanguage":"fr-FR"},{"@type":"WebPage","@id":"https:\/\/plazara.eus\/fr\/qui-sont-les-parents-des-ikastola\/","url":"https:\/\/plazara.eus\/fr\/qui-sont-les-parents-des-ikastola\/","name":"Qui sont les parents des ikastola ? &#8226; Plazara","isPartOf":{"@id":"https:\/\/plazara.eus\/fr\/#website"},"datePublished":"2026-08-02T10:32:21+00:00","dateModified":"2026-08-31T10:44:28+00:00","breadcrumb":{"@id":"https:\/\/plazara.eus\/fr\/qui-sont-les-parents-des-ikastola\/#breadcrumb"},"inLanguage":"fr-FR","potentialAction":[{"@type":"ReadAction","target":["https:\/\/plazara.eus\/fr\/qui-sont-les-parents-des-ikastola\/"]}]},{"@type":"BreadcrumbList","@id":"https:\/\/plazara.eus\/fr\/qui-sont-les-parents-des-ikastola\/#breadcrumb","itemListElement":[{"@type":"ListItem","position":1,"name":"Accueil","item":"https:\/\/plazara.eus\/fr\/"},{"@type":"ListItem","position":2,"name":"Qui sont les parents des ikastola ?"}]},{"@type":"WebSite","@id":"https:\/\/plazara.eus\/fr\/#website","url":"https:\/\/plazara.eus\/fr\/","name":"Plazara","description":"Euskara erdigunera","publisher":{"@id":"https:\/\/plazara.eus\/fr\/#organization"},"alternateName":"plzr","potentialAction":[{"@type":"SearchAction","target":{"@type":"EntryPoint","urlTemplate":"https:\/\/plazara.eus\/fr\/?s={search_term_string}"},"query-input":{"@type":"PropertyValueSpecification","valueRequired":true,"valueName":"search_term_string"}}],"inLanguage":"fr-FR"},{"@type":"Organization","@id":"https:\/\/plazara.eus\/fr\/#organization","name":"Plazara","url":"https:\/\/plazara.eus\/fr\/","logo":{"@type":"ImageObject","inLanguage":"fr-FR","@id":"https:\/\/plazara.eus\/fr\/#\/schema\/logo\/image\/","url":"https:\/\/plazara.eus\/wp-content\/uploads\/2023\/09\/logo-plazara-mobile.png","contentUrl":"https:\/\/plazara.eus\/wp-content\/uploads\/2023\/09\/logo-plazara-mobile.png","width":265,"height":90,"caption":"Plazara"},"image":{"@id":"https:\/\/plazara.eus\/fr\/#\/schema\/logo\/image\/"},"sameAs":["https:\/\/www.facebook.com\/plazara.koop","https:\/\/www.instagram.com\/plazara.koop\/"]},{"@type":"Person","@id":"https:\/\/plazara.eus\/fr\/#\/schema\/person\/f654adbfb96fb1dd2a67067248a4d25a","name":"admin","image":{"@type":"ImageObject","inLanguage":"fr-FR","@id":"https:\/\/secure.gravatar.com\/avatar\/10eae57f9d0e64fa4fa966e9ec11974748bd29387a0dfa01a9623967684428bd?s=96&d=mm&r=g","url":"https:\/\/secure.gravatar.com\/avatar\/10eae57f9d0e64fa4fa966e9ec11974748bd29387a0dfa01a9623967684428bd?s=96&d=mm&r=g","contentUrl":"https:\/\/secure.gravatar.com\/avatar\/10eae57f9d0e64fa4fa966e9ec11974748bd29387a0dfa01a9623967684428bd?s=96&d=mm&r=g","caption":"admin"},"sameAs":["https:\/\/plazara.lantegia.io"],"url":"https:\/\/plazara.eus\/fr\/author\/davidsoroheta_2jupt0jj\/"}]}},"_links":{"self":[{"href":"https:\/\/plazara.eus\/fr\/wp-json\/wp\/v2\/posts\/18934","targetHints":{"allow":["GET"]}}],"collection":[{"href":"https:\/\/plazara.eus\/fr\/wp-json\/wp\/v2\/posts"}],"about":[{"href":"https:\/\/plazara.eus\/fr\/wp-json\/wp\/v2\/types\/post"}],"author":[{"embeddable":true,"href":"https:\/\/plazara.eus\/fr\/wp-json\/wp\/v2\/users\/1"}],"replies":[{"embeddable":true,"href":"https:\/\/plazara.eus\/fr\/wp-json\/wp\/v2\/comments?post=18934"}],"version-history":[{"count":1,"href":"https:\/\/plazara.eus\/fr\/wp-json\/wp\/v2\/posts\/18934\/revisions"}],"predecessor-version":[{"id":18935,"href":"https:\/\/plazara.eus\/fr\/wp-json\/wp\/v2\/posts\/18934\/revisions\/18935"}],"wp:attachment":[{"href":"https:\/\/plazara.eus\/fr\/wp-json\/wp\/v2\/media?parent=18934"}],"wp:term":[{"taxonomy":"category","embeddable":true,"href":"https:\/\/plazara.eus\/fr\/wp-json\/wp\/v2\/categories?post=18934"},{"taxonomy":"post_tag","embeddable":true,"href":"https:\/\/plazara.eus\/fr\/wp-json\/wp\/v2\/tags?post=18934"}],"curies":[{"name":"wp","href":"https:\/\/api.w.org\/{rel}","templated":true}]}}