{"id":18926,"date":"2026-08-31T12:12:43","date_gmt":"2026-08-31T10:12:43","guid":{"rendered":"https:\/\/plazara.eus\/regard-sur-la-nouvelle-annee-scolaire\/"},"modified":"2026-08-31T13:54:02","modified_gmt":"2026-08-31T11:54:02","slug":"regard-sur-la-nouvelle-annee-scolaire","status":"publish","type":"post","link":"https:\/\/plazara.eus\/fr\/regard-sur-la-nouvelle-annee-scolaire\/","title":{"rendered":"Regard sur la nouvelle ann\u00e9e scolaire"},"content":{"rendered":"\t\t<div data-elementor-type=\"wp-post\" data-elementor-id=\"18926\" class=\"elementor elementor-18926 elementor-18899\" data-elementor-post-type=\"post\">\n\t\t\t\t<div class=\"elementor-element elementor-element-63b31d5f e-flex e-con-boxed e-con e-parent\" data-id=\"63b31d5f\" data-element_type=\"container\" data-e-type=\"container\">\n\t\t\t\t\t<div class=\"e-con-inner\">\n\t\t\t\t<div class=\"elementor-element elementor-element-349a2da9 elementor-widget elementor-widget-text-editor\" data-id=\"349a2da9\" data-element_type=\"widget\" data-e-type=\"widget\" data-widget_type=\"text-editor.default\">\n\t\t\t\t<div class=\"elementor-widget-container\">\n\t\t\t\t\t\t\t\t\t<p>Le projet Plazara f\u00eate ses 4 ans en septembre 2026. Et c&rsquo;est avec une \u00e9nergie renouvel\u00e9e que nous d\u00e9marrons cette nouvelle ann\u00e9e ! <\/p>\t\t\t\t\t\t\t\t<\/div>\n\t\t\t\t<\/div>\n\t\t\t\t<div class=\"elementor-element elementor-element-c586e5e elementor-widget elementor-widget-text-editor\" data-id=\"c586e5e\" data-element_type=\"widget\" data-e-type=\"widget\" data-widget_type=\"text-editor.default\">\n\t\t\t\t<div class=\"elementor-widget-container\">\n\t\t\t\t\t\t\t\t\t<p>Congr\u00e8s international, structuration du catalogue de formations, lancement d&rsquo;un nouveau projet Artiviste, nouveaux s\u00e9jours Familion, consolidation de l&rsquo;\u00e9quipe\u2026 de beaux chantiers nous attendent encore cette ann\u00e9e. Et de nombreux rendez-vous publics pour aller \u00e0 la rencontre du grand public : soir\u00e9es cin\u00e9ma, conf\u00e9rences, ateliers ouverts, visites. <\/p>\t\t\t\t\t\t\t\t<\/div>\n\t\t\t\t<\/div>\n\t\t\t\t\t<\/div>\n\t\t\t\t<\/div>\n\t\t<div class=\"elementor-element elementor-element-5e53e954 e-flex e-con-boxed e-con e-parent\" data-id=\"5e53e954\" data-element_type=\"container\" data-e-type=\"container\">\n\t\t\t\t\t<div class=\"e-con-inner\">\n\t\t\t\t<div class=\"elementor-element elementor-element-6d716e53 elementor-widget elementor-widget-text-editor\" data-id=\"6d716e53\" data-element_type=\"widget\" data-e-type=\"widget\" data-widget_type=\"text-editor.default\">\n\t\t\t\t<div class=\"elementor-widget-container\">\n\t\t\t\t\t\t\t\t\t<h2>La coop\u00e9ration, notre fil conducteur<\/h2><p>Nous continuerons \u00e0 d\u00e9velopper nos projets en partenariat avec nos alli\u00e9s historiques :<\/p><ul><li>Congr\u00e8s BIHAR : avec Garabide, le Cluster de sociolinguistique, Taupa\u2026<\/li><li>S\u00e9jours Familion : avec Aek, Uda leku, Dindaia, Ebete, et cette ann\u00e9e de nouveaux partenaires.<\/li><li>On! : avec de nombreux acteurs sociaux et institutionnels.<\/li><li>Un grand projet de recherche : pour Eusko Ikaskuntza.<\/li><li>Nouveaux ateliers de sensibilisation : avec l\u2019Eusko.<\/li><\/ul><p>La coop\u00e9ration est dans notre ADN, et nous comptons bien poursuivre sur cette voie.<\/p><p>Mais cette ann\u00e9e encore, nous voulons garder un \u0153il ouvert sur le monde depuis le Pays Basque, convaincus qu&rsquo;il y a beaucoup \u00e0 apprendre les uns des autres et beaucoup \u00e0 gagner \u00e0 avancer ensemble. Dans cette dynamique, l&rsquo;ann\u00e9e qui s&rsquo;ouvre s&rsquo;annonce riche : <\/p><ul><li>Un beau panel d&rsquo;activistes venus du monde entier se r\u00e9unira entre Irun et Hendaye en septembre.<\/li><li>Le parcours de formation Aditu se posera quelques jours au Pays Basque Nord avec 20 activistes d\u2019Am\u00e9rique du Sud en octobre.<\/li><li>Nous organiserons une soir\u00e9e cin\u00e9ma consacr\u00e9e aux Mapuches en octobre.<\/li><li>Nous partirons en Bretagne en novembre.<\/li><li>Nous poursuivrons nos liens avec les jeunes Amazighs.<\/li><li>Et peut-\u00eatre un voyage vers le nord de l&rsquo;Italie d\u00e9but 2027. <\/li><\/ul>\t\t\t\t\t\t\t\t<\/div>\n\t\t\t\t<\/div>\n\t\t\t\t\t<\/div>\n\t\t\t\t<\/div>\n\t\t<div class=\"elementor-element elementor-element-373284a8 e-flex e-con-boxed e-con e-parent\" data-id=\"373284a8\" data-element_type=\"container\" data-e-type=\"container\">\n\t\t\t\t\t<div class=\"e-con-inner\">\n\t\t\t\t<div class=\"elementor-element elementor-element-7ec22735 elementor-widget elementor-widget-gallery\" data-id=\"7ec22735\" data-element_type=\"widget\" data-e-type=\"widget\" data-settings=\"{&quot;gap&quot;:{&quot;unit&quot;:&quot;px&quot;,&quot;size&quot;:30,&quot;sizes&quot;:[]},&quot;aspect_ratio&quot;:&quot;1:1&quot;,&quot;lazyload&quot;:&quot;yes&quot;,&quot;gallery_layout&quot;:&quot;grid&quot;,&quot;columns&quot;:4,&quot;columns_tablet&quot;:2,&quot;columns_mobile&quot;:1,&quot;gap_tablet&quot;:{&quot;unit&quot;:&quot;px&quot;,&quot;size&quot;:10,&quot;sizes&quot;:[]},&quot;gap_mobile&quot;:{&quot;unit&quot;:&quot;px&quot;,&quot;size&quot;:10,&quot;sizes&quot;:[]},&quot;link_to&quot;:&quot;file&quot;,&quot;overlay_background&quot;:&quot;yes&quot;,&quot;content_hover_animation&quot;:&quot;fade-in&quot;}\" data-widget_type=\"gallery.default\">\n\t\t\t\t<div class=\"elementor-widget-container\">\n\t\t\t\t\t\t\t<div class=\"elementor-gallery__container\">\n\t\t\t\t\t\t\t<a class=\"e-gallery-item elementor-gallery-item elementor-animated-content\" href=\"https:\/\/plazara.eus\/wp-content\/uploads\/2026\/08\/plazara-Sartzeko-seminarioa9.jpg\" data-elementor-open-lightbox=\"yes\" data-elementor-lightbox-slideshow=\"7ec22735\" data-elementor-lightbox-title=\"plazara-Sartzeko seminarioa9\" data-e-action-hash=\"#elementor-action%3Aaction%3Dlightbox%26settings%3DeyJpZCI6MTg5MTYsInVybCI6Imh0dHBzOlwvXC9wbGF6YXJhLmV1c1wvd3AtY29udGVudFwvdXBsb2Fkc1wvMjAyNlwvMDhcL3BsYXphcmEtU2FydHpla28tc2VtaW5hcmlvYTkuanBnIiwic2xpZGVzaG93IjoiN2VjMjI3MzUifQ%3D%3D\">\n\t\t\t\t\t<div class=\"e-gallery-image elementor-gallery-item__image\" data-thumbnail=\"https:\/\/plazara.eus\/wp-content\/uploads\/2026\/08\/plazara-Sartzeko-seminarioa9.jpg\" data-width=\"2000\" data-height=\"1500\" aria-label=\"\" role=\"img\" ><\/div>\n\t\t\t\t\t\t\t\t\t\t\t<div class=\"elementor-gallery-item__overlay\"><\/div>\n\t\t\t\t\t\t\t\t\t\t\t\t\t\t<\/a>\n\t\t\t\t\t\t\t<a class=\"e-gallery-item elementor-gallery-item elementor-animated-content\" href=\"https:\/\/plazara.eus\/wp-content\/uploads\/2026\/08\/plazara-Sartzeko-seminarioa8.jpg\" data-elementor-open-lightbox=\"yes\" data-elementor-lightbox-slideshow=\"7ec22735\" data-elementor-lightbox-title=\"plazara-Sartzeko seminarioa8\" data-e-action-hash=\"#elementor-action%3Aaction%3Dlightbox%26settings%3DeyJpZCI6MTg5MTQsInVybCI6Imh0dHBzOlwvXC9wbGF6YXJhLmV1c1wvd3AtY29udGVudFwvdXBsb2Fkc1wvMjAyNlwvMDhcL3BsYXphcmEtU2FydHpla28tc2VtaW5hcmlvYTguanBnIiwic2xpZGVzaG93IjoiN2VjMjI3MzUifQ%3D%3D\">\n\t\t\t\t\t<div class=\"e-gallery-image elementor-gallery-item__image\" data-thumbnail=\"https:\/\/plazara.eus\/wp-content\/uploads\/2026\/08\/plazara-Sartzeko-seminarioa8.jpg\" data-width=\"1500\" data-height=\"2000\" aria-label=\"\" role=\"img\" ><\/div>\n\t\t\t\t\t\t\t\t\t\t\t<div class=\"elementor-gallery-item__overlay\"><\/div>\n\t\t\t\t\t\t\t\t\t\t\t\t\t\t<\/a>\n\t\t\t\t\t\t\t<a class=\"e-gallery-item elementor-gallery-item elementor-animated-content\" href=\"https:\/\/plazara.eus\/wp-content\/uploads\/2026\/08\/plazara-Sartzeko-seminarioa7.jpg\" data-elementor-open-lightbox=\"yes\" data-elementor-lightbox-slideshow=\"7ec22735\" data-elementor-lightbox-title=\"plazara-Sartzeko seminarioa7\" data-e-action-hash=\"#elementor-action%3Aaction%3Dlightbox%26settings%3DeyJpZCI6MTg5MTIsInVybCI6Imh0dHBzOlwvXC9wbGF6YXJhLmV1c1wvd3AtY29udGVudFwvdXBsb2Fkc1wvMjAyNlwvMDhcL3BsYXphcmEtU2FydHpla28tc2VtaW5hcmlvYTcuanBnIiwic2xpZGVzaG93IjoiN2VjMjI3MzUifQ%3D%3D\">\n\t\t\t\t\t<div class=\"e-gallery-image elementor-gallery-item__image\" data-thumbnail=\"https:\/\/plazara.eus\/wp-content\/uploads\/2026\/08\/plazara-Sartzeko-seminarioa7.jpg\" data-width=\"1500\" data-height=\"2000\" aria-label=\"\" role=\"img\" ><\/div>\n\t\t\t\t\t\t\t\t\t\t\t<div class=\"elementor-gallery-item__overlay\"><\/div>\n\t\t\t\t\t\t\t\t\t\t\t\t\t\t<\/a>\n\t\t\t\t\t\t\t<a class=\"e-gallery-item elementor-gallery-item elementor-animated-content\" href=\"https:\/\/plazara.eus\/wp-content\/uploads\/2026\/08\/plazara-Sartzeko-seminarioa6.jpg\" data-elementor-open-lightbox=\"yes\" data-elementor-lightbox-slideshow=\"7ec22735\" data-elementor-lightbox-title=\"plazara-Sartzeko seminarioa6\" data-e-action-hash=\"#elementor-action%3Aaction%3Dlightbox%26settings%3DeyJpZCI6MTg5MTAsInVybCI6Imh0dHBzOlwvXC9wbGF6YXJhLmV1c1wvd3AtY29udGVudFwvdXBsb2Fkc1wvMjAyNlwvMDhcL3BsYXphcmEtU2FydHpla28tc2VtaW5hcmlvYTYuanBnIiwic2xpZGVzaG93IjoiN2VjMjI3MzUifQ%3D%3D\">\n\t\t\t\t\t<div class=\"e-gallery-image elementor-gallery-item__image\" data-thumbnail=\"https:\/\/plazara.eus\/wp-content\/uploads\/2026\/08\/plazara-Sartzeko-seminarioa6.jpg\" data-width=\"2000\" data-height=\"1502\" aria-label=\"\" role=\"img\" ><\/div>\n\t\t\t\t\t\t\t\t\t\t\t<div class=\"elementor-gallery-item__overlay\"><\/div>\n\t\t\t\t\t\t\t\t\t\t\t\t\t\t<\/a>\n\t\t\t\t\t\t\t<a class=\"e-gallery-item elementor-gallery-item elementor-animated-content\" href=\"https:\/\/plazara.eus\/wp-content\/uploads\/2026\/08\/plazara-Sartzeko-seminarioa4.jpg\" data-elementor-open-lightbox=\"yes\" data-elementor-lightbox-slideshow=\"7ec22735\" data-elementor-lightbox-title=\"plazara-Sartzeko seminarioa4\" data-e-action-hash=\"#elementor-action%3Aaction%3Dlightbox%26settings%3DeyJpZCI6MTg5MDYsInVybCI6Imh0dHBzOlwvXC9wbGF6YXJhLmV1c1wvd3AtY29udGVudFwvdXBsb2Fkc1wvMjAyNlwvMDhcL3BsYXphcmEtU2FydHpla28tc2VtaW5hcmlvYTQuanBnIiwic2xpZGVzaG93IjoiN2VjMjI3MzUifQ%3D%3D\">\n\t\t\t\t\t<div class=\"e-gallery-image elementor-gallery-item__image\" data-thumbnail=\"https:\/\/plazara.eus\/wp-content\/uploads\/2026\/08\/plazara-Sartzeko-seminarioa4.jpg\" data-width=\"1386\" data-height=\"2000\" aria-label=\"\" role=\"img\" ><\/div>\n\t\t\t\t\t\t\t\t\t\t\t<div class=\"elementor-gallery-item__overlay\"><\/div>\n\t\t\t\t\t\t\t\t\t\t\t\t\t\t<\/a>\n\t\t\t\t\t\t\t<a class=\"e-gallery-item elementor-gallery-item elementor-animated-content\" href=\"https:\/\/plazara.eus\/wp-content\/uploads\/2026\/08\/plazara-Sartzeko-seminarioa3.jpg\" data-elementor-open-lightbox=\"yes\" data-elementor-lightbox-slideshow=\"7ec22735\" data-elementor-lightbox-title=\"plazara-Sartzeko seminarioa3\" data-e-action-hash=\"#elementor-action%3Aaction%3Dlightbox%26settings%3DeyJpZCI6MTg5MDQsInVybCI6Imh0dHBzOlwvXC9wbGF6YXJhLmV1c1wvd3AtY29udGVudFwvdXBsb2Fkc1wvMjAyNlwvMDhcL3BsYXphcmEtU2FydHpla28tc2VtaW5hcmlvYTMuanBnIiwic2xpZGVzaG93IjoiN2VjMjI3MzUifQ%3D%3D\">\n\t\t\t\t\t<div class=\"e-gallery-image elementor-gallery-item__image\" data-thumbnail=\"https:\/\/plazara.eus\/wp-content\/uploads\/2026\/08\/plazara-Sartzeko-seminarioa3.jpg\" data-width=\"2000\" data-height=\"1500\" aria-label=\"\" role=\"img\" ><\/div>\n\t\t\t\t\t\t\t\t\t\t\t<div class=\"elementor-gallery-item__overlay\"><\/div>\n\t\t\t\t\t\t\t\t\t\t\t\t\t\t<\/a>\n\t\t\t\t\t\t\t<a class=\"e-gallery-item elementor-gallery-item elementor-animated-content\" href=\"https:\/\/plazara.eus\/wp-content\/uploads\/2026\/08\/plazara-Sartzeko-seminarioa2.jpg\" data-elementor-open-lightbox=\"yes\" data-elementor-lightbox-slideshow=\"7ec22735\" data-elementor-lightbox-title=\"plazara-Sartzeko seminarioa2\" data-e-action-hash=\"#elementor-action%3Aaction%3Dlightbox%26settings%3DeyJpZCI6MTg5MDIsInVybCI6Imh0dHBzOlwvXC9wbGF6YXJhLmV1c1wvd3AtY29udGVudFwvdXBsb2Fkc1wvMjAyNlwvMDhcL3BsYXphcmEtU2FydHpla28tc2VtaW5hcmlvYTIuanBnIiwic2xpZGVzaG93IjoiN2VjMjI3MzUifQ%3D%3D\">\n\t\t\t\t\t<div class=\"e-gallery-image elementor-gallery-item__image\" data-thumbnail=\"https:\/\/plazara.eus\/wp-content\/uploads\/2026\/08\/plazara-Sartzeko-seminarioa2.jpg\" data-width=\"1500\" data-height=\"2000\" aria-label=\"\" role=\"img\" ><\/div>\n\t\t\t\t\t\t\t\t\t\t\t<div class=\"elementor-gallery-item__overlay\"><\/div>\n\t\t\t\t\t\t\t\t\t\t\t\t\t\t<\/a>\n\t\t\t\t\t\t\t<a class=\"e-gallery-item elementor-gallery-item elementor-animated-content\" href=\"https:\/\/plazara.eus\/wp-content\/uploads\/2026\/08\/plazara-Sartzeko-seminarioa1.jpg\" data-elementor-open-lightbox=\"yes\" data-elementor-lightbox-slideshow=\"7ec22735\" data-elementor-lightbox-title=\"plazara-Sartzeko seminarioa1\" data-e-action-hash=\"#elementor-action%3Aaction%3Dlightbox%26settings%3DeyJpZCI6MTg5MDAsInVybCI6Imh0dHBzOlwvXC9wbGF6YXJhLmV1c1wvd3AtY29udGVudFwvdXBsb2Fkc1wvMjAyNlwvMDhcL3BsYXphcmEtU2FydHpla28tc2VtaW5hcmlvYTEuanBnIiwic2xpZGVzaG93IjoiN2VjMjI3MzUifQ%3D%3D\">\n\t\t\t\t\t<div class=\"e-gallery-image elementor-gallery-item__image\" data-thumbnail=\"https:\/\/plazara.eus\/wp-content\/uploads\/2026\/08\/plazara-Sartzeko-seminarioa1.jpg\" data-width=\"1500\" data-height=\"2000\" aria-label=\"\" role=\"img\" ><\/div>\n\t\t\t\t\t\t\t\t\t\t\t<div class=\"elementor-gallery-item__overlay\"><\/div>\n\t\t\t\t\t\t\t\t\t\t\t\t\t\t<\/a>\n\t\t\t\t\t<\/div>\n\t\t\t\t\t<\/div>\n\t\t\t\t<\/div>\n\t\t\t\t\t<\/div>\n\t\t\t\t<\/div>\n\t\t<div class=\"elementor-element elementor-element-3698c62d e-flex e-con-boxed e-con e-parent\" data-id=\"3698c62d\" data-element_type=\"container\" data-e-type=\"container\">\n\t\t\t\t\t<div class=\"e-con-inner\">\n\t\t\t\t<div class=\"elementor-element elementor-element-312d4cf elementor-widget elementor-widget-text-editor\" data-id=\"312d4cf\" data-element_type=\"widget\" data-e-type=\"widget\" data-widget_type=\"text-editor.default\">\n\t\t\t\t<div class=\"elementor-widget-container\">\n\t\t\t\t\t\t\t\t\t<h2>S\u00e9minaire de rentr\u00e9e<\/h2><p>Pour bien pr\u00e9parer tout cela et reprendre en douceur apr\u00e8s les vacances d&rsquo;\u00e9t\u00e9, nous avons organis\u00e9 une session de travail sp\u00e9ciale de 3 jours avec toute l&rsquo;\u00e9quipe. Randonn\u00e9e, sessions de travail, baignade, formation, repas partag\u00e9s\u2026 il est essentiel pour nous de garantir un climat de travail \u00e0 la fois s\u00e9rieux et convivial. <\/p><p>Au-del\u00e0 de la mise en perspective de l&rsquo;agenda 2026\/2027, nous avons r\u00e9fl\u00e9chi collectivement \u00e0 la mani\u00e8re dont nous souhaitons prendre les d\u00e9cisions au sein du collectif Plazara. Rosa Ramos (https:\/\/uharri.eus) est venue de Navarre nous donner une formation en sociolinguistique, nous avons travaill\u00e9 la m\u00e9thodologie de projet, et nous avons \u00e9galement men\u00e9 quelques r\u00e9flexions sur notre communication externe.<\/p><p>Pr\u00eats pour le travail, donc ! Bonne rentr\u00e9e \u00e0 toutes et \u00e0 tous ; on se croise en chemin ! <\/p>\t\t\t\t\t\t\t\t<\/div>\n\t\t\t\t<\/div>\n\t\t\t\t\t<\/div>\n\t\t\t\t<\/div>\n\t\t\t\t<\/div>\n\t\t","protected":false},"excerpt":{"rendered":"<p>Le projet Plazara f\u00eate ses 4 ans en septembre 2026. Et c&rsquo;est avec une \u00e9nergie renouvel\u00e9e que nous d\u00e9marrons cette nouvelle ann\u00e9e ! Congr\u00e8s international, structuration du catalogue de formations, lancement d&rsquo;un nouveau projet Artiviste, nouveaux s\u00e9jours Familion, consolidation de l&rsquo;\u00e9quipe\u2026 de beaux chantiers nous attendent encore cette ann\u00e9e. Et de nombreux rendez-vous publics pour [&hellip;]<\/p>\n","protected":false},"author":1,"featured_media":18909,"comment_status":"closed","ping_status":"closed","sticky":false,"template":"","format":"standard","meta":{"_acf_changed":false,"footnotes":""},"categories":[100],"tags":[],"class_list":["post-18926","post","type-post","status-publish","format-standard","has-post-thumbnail","hentry","category-vie-de-plazara"],"acf":[],"yoast_head":"<!-- This site is optimized with the Yoast SEO plugin v28.3 - https:\/\/yoast.com\/product\/yoast-seo-wordpress\/ -->\n<title>Regard sur la nouvelle ann\u00e9e scolaire &#8226; Plazara<\/title>\n<meta name=\"robots\" content=\"index, follow, max-snippet:-1, max-image-preview:large, max-video-preview:-1\" \/>\n<link rel=\"canonical\" href=\"https:\/\/plazara.eus\/fr\/regard-sur-la-nouvelle-annee-scolaire\/\" \/>\n<meta property=\"og:locale\" content=\"fr_FR\" \/>\n<meta property=\"og:type\" content=\"article\" \/>\n<meta property=\"og:title\" content=\"Regard sur la nouvelle ann\u00e9e scolaire &#8226; Plazara\" \/>\n<meta property=\"og:description\" content=\"Le projet Plazara f\u00eate ses 4 ans en septembre 2026. Et c&rsquo;est avec une \u00e9nergie renouvel\u00e9e que nous d\u00e9marrons cette nouvelle ann\u00e9e ! Congr\u00e8s international, structuration du catalogue de formations, lancement d&rsquo;un nouveau projet Artiviste, nouveaux s\u00e9jours Familion, consolidation de l&rsquo;\u00e9quipe\u2026 de beaux chantiers nous attendent encore cette ann\u00e9e. Et de nombreux rendez-vous publics pour [&hellip;]\" \/>\n<meta property=\"og:url\" content=\"https:\/\/plazara.eus\/fr\/regard-sur-la-nouvelle-annee-scolaire\/\" \/>\n<meta property=\"og:site_name\" content=\"Plazara\" \/>\n<meta property=\"article:publisher\" content=\"https:\/\/www.facebook.com\/plazara.koop\" \/>\n<meta property=\"article:published_time\" content=\"2026-08-31T10:12:43+00:00\" \/>\n<meta property=\"article:modified_time\" content=\"2026-08-31T11:54:02+00:00\" \/>\n<meta property=\"og:image\" content=\"https:\/\/plazara.eus\/wp-content\/uploads\/2026\/08\/plazara-Sartzeko-seminarioa5.jpg\" \/>\n\t<meta property=\"og:image:width\" content=\"2000\" \/>\n\t<meta property=\"og:image:height\" content=\"1500\" \/>\n\t<meta property=\"og:image:type\" content=\"image\/jpeg\" \/>\n<meta name=\"author\" content=\"admin\" \/>\n<meta name=\"twitter:card\" content=\"summary_large_image\" \/>\n<meta name=\"twitter:label1\" content=\"\u00c9crit par\" \/>\n\t<meta name=\"twitter:data1\" content=\"admin\" \/>\n\t<meta name=\"twitter:label2\" content=\"Dur\u00e9e de lecture estim\u00e9e\" \/>\n\t<meta name=\"twitter:data2\" content=\"2 minutes\" \/>\n<script type=\"application\/ld+json\" class=\"yoast-schema-graph\">{\"@context\":\"https:\\\/\\\/schema.org\",\"@graph\":[{\"@type\":\"Article\",\"@id\":\"https:\\\/\\\/plazara.eus\\\/fr\\\/regard-sur-la-nouvelle-annee-scolaire\\\/#article\",\"isPartOf\":{\"@id\":\"https:\\\/\\\/plazara.eus\\\/fr\\\/regard-sur-la-nouvelle-annee-scolaire\\\/\"},\"author\":{\"name\":\"admin\",\"@id\":\"https:\\\/\\\/plazara.eus\\\/fr\\\/#\\\/schema\\\/person\\\/f654adbfb96fb1dd2a67067248a4d25a\"},\"headline\":\"Regard sur la nouvelle ann\u00e9e scolaire\",\"datePublished\":\"2026-08-31T10:12:43+00:00\",\"dateModified\":\"2026-08-31T11:54:02+00:00\",\"mainEntityOfPage\":{\"@id\":\"https:\\\/\\\/plazara.eus\\\/fr\\\/regard-sur-la-nouvelle-annee-scolaire\\\/\"},\"wordCount\":438,\"publisher\":{\"@id\":\"https:\\\/\\\/plazara.eus\\\/fr\\\/#organization\"},\"image\":{\"@id\":\"https:\\\/\\\/plazara.eus\\\/fr\\\/regard-sur-la-nouvelle-annee-scolaire\\\/#primaryimage\"},\"thumbnailUrl\":\"https:\\\/\\\/plazara.eus\\\/wp-content\\\/uploads\\\/2026\\\/08\\\/plazara-Sartzeko-seminarioa5.jpg\",\"articleSection\":[\"Vie de Plazara\"],\"inLanguage\":\"fr-FR\"},{\"@type\":\"WebPage\",\"@id\":\"https:\\\/\\\/plazara.eus\\\/fr\\\/regard-sur-la-nouvelle-annee-scolaire\\\/\",\"url\":\"https:\\\/\\\/plazara.eus\\\/fr\\\/regard-sur-la-nouvelle-annee-scolaire\\\/\",\"name\":\"Regard sur la nouvelle ann\u00e9e scolaire &#8226; Plazara\",\"isPartOf\":{\"@id\":\"https:\\\/\\\/plazara.eus\\\/fr\\\/#website\"},\"primaryImageOfPage\":{\"@id\":\"https:\\\/\\\/plazara.eus\\\/fr\\\/regard-sur-la-nouvelle-annee-scolaire\\\/#primaryimage\"},\"image\":{\"@id\":\"https:\\\/\\\/plazara.eus\\\/fr\\\/regard-sur-la-nouvelle-annee-scolaire\\\/#primaryimage\"},\"thumbnailUrl\":\"https:\\\/\\\/plazara.eus\\\/wp-content\\\/uploads\\\/2026\\\/08\\\/plazara-Sartzeko-seminarioa5.jpg\",\"datePublished\":\"2026-08-31T10:12:43+00:00\",\"dateModified\":\"2026-08-31T11:54:02+00:00\",\"breadcrumb\":{\"@id\":\"https:\\\/\\\/plazara.eus\\\/fr\\\/regard-sur-la-nouvelle-annee-scolaire\\\/#breadcrumb\"},\"inLanguage\":\"fr-FR\",\"potentialAction\":[{\"@type\":\"ReadAction\",\"target\":[\"https:\\\/\\\/plazara.eus\\\/fr\\\/regard-sur-la-nouvelle-annee-scolaire\\\/\"]}]},{\"@type\":\"ImageObject\",\"inLanguage\":\"fr-FR\",\"@id\":\"https:\\\/\\\/plazara.eus\\\/fr\\\/regard-sur-la-nouvelle-annee-scolaire\\\/#primaryimage\",\"url\":\"https:\\\/\\\/plazara.eus\\\/wp-content\\\/uploads\\\/2026\\\/08\\\/plazara-Sartzeko-seminarioa5.jpg\",\"contentUrl\":\"https:\\\/\\\/plazara.eus\\\/wp-content\\\/uploads\\\/2026\\\/08\\\/plazara-Sartzeko-seminarioa5.jpg\",\"width\":2000,\"height\":1500},{\"@type\":\"BreadcrumbList\",\"@id\":\"https:\\\/\\\/plazara.eus\\\/fr\\\/regard-sur-la-nouvelle-annee-scolaire\\\/#breadcrumb\",\"itemListElement\":[{\"@type\":\"ListItem\",\"position\":1,\"name\":\"Accueil\",\"item\":\"https:\\\/\\\/plazara.eus\\\/fr\\\/\"},{\"@type\":\"ListItem\",\"position\":2,\"name\":\"Regard sur la nouvelle ann\u00e9e scolaire\"}]},{\"@type\":\"WebSite\",\"@id\":\"https:\\\/\\\/plazara.eus\\\/fr\\\/#website\",\"url\":\"https:\\\/\\\/plazara.eus\\\/fr\\\/\",\"name\":\"Plazara\",\"description\":\"Euskara erdigunera\",\"publisher\":{\"@id\":\"https:\\\/\\\/plazara.eus\\\/fr\\\/#organization\"},\"alternateName\":\"plzr\",\"potentialAction\":[{\"@type\":\"SearchAction\",\"target\":{\"@type\":\"EntryPoint\",\"urlTemplate\":\"https:\\\/\\\/plazara.eus\\\/fr\\\/?s={search_term_string}\"},\"query-input\":{\"@type\":\"PropertyValueSpecification\",\"valueRequired\":true,\"valueName\":\"search_term_string\"}}],\"inLanguage\":\"fr-FR\"},{\"@type\":\"Organization\",\"@id\":\"https:\\\/\\\/plazara.eus\\\/fr\\\/#organization\",\"name\":\"Plazara\",\"url\":\"https:\\\/\\\/plazara.eus\\\/fr\\\/\",\"logo\":{\"@type\":\"ImageObject\",\"inLanguage\":\"fr-FR\",\"@id\":\"https:\\\/\\\/plazara.eus\\\/fr\\\/#\\\/schema\\\/logo\\\/image\\\/\",\"url\":\"https:\\\/\\\/plazara.eus\\\/wp-content\\\/uploads\\\/2023\\\/09\\\/logo-plazara-mobile.png\",\"contentUrl\":\"https:\\\/\\\/plazara.eus\\\/wp-content\\\/uploads\\\/2023\\\/09\\\/logo-plazara-mobile.png\",\"width\":265,\"height\":90,\"caption\":\"Plazara\"},\"image\":{\"@id\":\"https:\\\/\\\/plazara.eus\\\/fr\\\/#\\\/schema\\\/logo\\\/image\\\/\"},\"sameAs\":[\"https:\\\/\\\/www.facebook.com\\\/plazara.koop\",\"https:\\\/\\\/www.instagram.com\\\/plazara.koop\\\/\"]},{\"@type\":\"Person\",\"@id\":\"https:\\\/\\\/plazara.eus\\\/fr\\\/#\\\/schema\\\/person\\\/f654adbfb96fb1dd2a67067248a4d25a\",\"name\":\"admin\",\"image\":{\"@type\":\"ImageObject\",\"inLanguage\":\"fr-FR\",\"@id\":\"https:\\\/\\\/secure.gravatar.com\\\/avatar\\\/10eae57f9d0e64fa4fa966e9ec11974748bd29387a0dfa01a9623967684428bd?s=96&d=mm&r=g\",\"url\":\"https:\\\/\\\/secure.gravatar.com\\\/avatar\\\/10eae57f9d0e64fa4fa966e9ec11974748bd29387a0dfa01a9623967684428bd?s=96&d=mm&r=g\",\"contentUrl\":\"https:\\\/\\\/secure.gravatar.com\\\/avatar\\\/10eae57f9d0e64fa4fa966e9ec11974748bd29387a0dfa01a9623967684428bd?s=96&d=mm&r=g\",\"caption\":\"admin\"},\"sameAs\":[\"https:\\\/\\\/plazara.lantegia.io\"],\"url\":\"https:\\\/\\\/plazara.eus\\\/fr\\\/author\\\/davidsoroheta_2jupt0jj\\\/\"}]}<\/script>\n<!-- \/ Yoast SEO plugin. -->","yoast_head_json":{"title":"Regard sur la nouvelle ann\u00e9e scolaire &#8226; Plazara","robots":{"index":"index","follow":"follow","max-snippet":"max-snippet:-1","max-image-preview":"max-image-preview:large","max-video-preview":"max-video-preview:-1"},"canonical":"https:\/\/plazara.eus\/fr\/regard-sur-la-nouvelle-annee-scolaire\/","og_locale":"fr_FR","og_type":"article","og_title":"Regard sur la nouvelle ann\u00e9e scolaire &#8226; Plazara","og_description":"Le projet Plazara f\u00eate ses 4 ans en septembre 2026. Et c&rsquo;est avec une \u00e9nergie renouvel\u00e9e que nous d\u00e9marrons cette nouvelle ann\u00e9e ! Congr\u00e8s international, structuration du catalogue de formations, lancement d&rsquo;un nouveau projet Artiviste, nouveaux s\u00e9jours Familion, consolidation de l&rsquo;\u00e9quipe\u2026 de beaux chantiers nous attendent encore cette ann\u00e9e. Et de nombreux rendez-vous publics pour [&hellip;]","og_url":"https:\/\/plazara.eus\/fr\/regard-sur-la-nouvelle-annee-scolaire\/","og_site_name":"Plazara","article_publisher":"https:\/\/www.facebook.com\/plazara.koop","article_published_time":"2026-08-31T10:12:43+00:00","article_modified_time":"2026-08-31T11:54:02+00:00","og_image":[{"width":2000,"height":1500,"url":"https:\/\/plazara.eus\/wp-content\/uploads\/2026\/08\/plazara-Sartzeko-seminarioa5.jpg","type":"image\/jpeg"}],"author":"admin","twitter_card":"summary_large_image","twitter_misc":{"\u00c9crit par":"admin","Dur\u00e9e de lecture estim\u00e9e":"2 minutes"},"schema":{"@context":"https:\/\/schema.org","@graph":[{"@type":"Article","@id":"https:\/\/plazara.eus\/fr\/regard-sur-la-nouvelle-annee-scolaire\/#article","isPartOf":{"@id":"https:\/\/plazara.eus\/fr\/regard-sur-la-nouvelle-annee-scolaire\/"},"author":{"name":"admin","@id":"https:\/\/plazara.eus\/fr\/#\/schema\/person\/f654adbfb96fb1dd2a67067248a4d25a"},"headline":"Regard sur la nouvelle ann\u00e9e scolaire","datePublished":"2026-08-31T10:12:43+00:00","dateModified":"2026-08-31T11:54:02+00:00","mainEntityOfPage":{"@id":"https:\/\/plazara.eus\/fr\/regard-sur-la-nouvelle-annee-scolaire\/"},"wordCount":438,"publisher":{"@id":"https:\/\/plazara.eus\/fr\/#organization"},"image":{"@id":"https:\/\/plazara.eus\/fr\/regard-sur-la-nouvelle-annee-scolaire\/#primaryimage"},"thumbnailUrl":"https:\/\/plazara.eus\/wp-content\/uploads\/2026\/08\/plazara-Sartzeko-seminarioa5.jpg","articleSection":["Vie de Plazara"],"inLanguage":"fr-FR"},{"@type":"WebPage","@id":"https:\/\/plazara.eus\/fr\/regard-sur-la-nouvelle-annee-scolaire\/","url":"https:\/\/plazara.eus\/fr\/regard-sur-la-nouvelle-annee-scolaire\/","name":"Regard sur la nouvelle ann\u00e9e scolaire &#8226; Plazara","isPartOf":{"@id":"https:\/\/plazara.eus\/fr\/#website"},"primaryImageOfPage":{"@id":"https:\/\/plazara.eus\/fr\/regard-sur-la-nouvelle-annee-scolaire\/#primaryimage"},"image":{"@id":"https:\/\/plazara.eus\/fr\/regard-sur-la-nouvelle-annee-scolaire\/#primaryimage"},"thumbnailUrl":"https:\/\/plazara.eus\/wp-content\/uploads\/2026\/08\/plazara-Sartzeko-seminarioa5.jpg","datePublished":"2026-08-31T10:12:43+00:00","dateModified":"2026-08-31T11:54:02+00:00","breadcrumb":{"@id":"https:\/\/plazara.eus\/fr\/regard-sur-la-nouvelle-annee-scolaire\/#breadcrumb"},"inLanguage":"fr-FR","potentialAction":[{"@type":"ReadAction","target":["https:\/\/plazara.eus\/fr\/regard-sur-la-nouvelle-annee-scolaire\/"]}]},{"@type":"ImageObject","inLanguage":"fr-FR","@id":"https:\/\/plazara.eus\/fr\/regard-sur-la-nouvelle-annee-scolaire\/#primaryimage","url":"https:\/\/plazara.eus\/wp-content\/uploads\/2026\/08\/plazara-Sartzeko-seminarioa5.jpg","contentUrl":"https:\/\/plazara.eus\/wp-content\/uploads\/2026\/08\/plazara-Sartzeko-seminarioa5.jpg","width":2000,"height":1500},{"@type":"BreadcrumbList","@id":"https:\/\/plazara.eus\/fr\/regard-sur-la-nouvelle-annee-scolaire\/#breadcrumb","itemListElement":[{"@type":"ListItem","position":1,"name":"Accueil","item":"https:\/\/plazara.eus\/fr\/"},{"@type":"ListItem","position":2,"name":"Regard sur la nouvelle ann\u00e9e scolaire"}]},{"@type":"WebSite","@id":"https:\/\/plazara.eus\/fr\/#website","url":"https:\/\/plazara.eus\/fr\/","name":"Plazara","description":"Euskara erdigunera","publisher":{"@id":"https:\/\/plazara.eus\/fr\/#organization"},"alternateName":"plzr","potentialAction":[{"@type":"SearchAction","target":{"@type":"EntryPoint","urlTemplate":"https:\/\/plazara.eus\/fr\/?s={search_term_string}"},"query-input":{"@type":"PropertyValueSpecification","valueRequired":true,"valueName":"search_term_string"}}],"inLanguage":"fr-FR"},{"@type":"Organization","@id":"https:\/\/plazara.eus\/fr\/#organization","name":"Plazara","url":"https:\/\/plazara.eus\/fr\/","logo":{"@type":"ImageObject","inLanguage":"fr-FR","@id":"https:\/\/plazara.eus\/fr\/#\/schema\/logo\/image\/","url":"https:\/\/plazara.eus\/wp-content\/uploads\/2023\/09\/logo-plazara-mobile.png","contentUrl":"https:\/\/plazara.eus\/wp-content\/uploads\/2023\/09\/logo-plazara-mobile.png","width":265,"height":90,"caption":"Plazara"},"image":{"@id":"https:\/\/plazara.eus\/fr\/#\/schema\/logo\/image\/"},"sameAs":["https:\/\/www.facebook.com\/plazara.koop","https:\/\/www.instagram.com\/plazara.koop\/"]},{"@type":"Person","@id":"https:\/\/plazara.eus\/fr\/#\/schema\/person\/f654adbfb96fb1dd2a67067248a4d25a","name":"admin","image":{"@type":"ImageObject","inLanguage":"fr-FR","@id":"https:\/\/secure.gravatar.com\/avatar\/10eae57f9d0e64fa4fa966e9ec11974748bd29387a0dfa01a9623967684428bd?s=96&d=mm&r=g","url":"https:\/\/secure.gravatar.com\/avatar\/10eae57f9d0e64fa4fa966e9ec11974748bd29387a0dfa01a9623967684428bd?s=96&d=mm&r=g","contentUrl":"https:\/\/secure.gravatar.com\/avatar\/10eae57f9d0e64fa4fa966e9ec11974748bd29387a0dfa01a9623967684428bd?s=96&d=mm&r=g","caption":"admin"},"sameAs":["https:\/\/plazara.lantegia.io"],"url":"https:\/\/plazara.eus\/fr\/author\/davidsoroheta_2jupt0jj\/"}]}},"_links":{"self":[{"href":"https:\/\/plazara.eus\/fr\/wp-json\/wp\/v2\/posts\/18926","targetHints":{"allow":["GET"]}}],"collection":[{"href":"https:\/\/plazara.eus\/fr\/wp-json\/wp\/v2\/posts"}],"about":[{"href":"https:\/\/plazara.eus\/fr\/wp-json\/wp\/v2\/types\/post"}],"author":[{"embeddable":true,"href":"https:\/\/plazara.eus\/fr\/wp-json\/wp\/v2\/users\/1"}],"replies":[{"embeddable":true,"href":"https:\/\/plazara.eus\/fr\/wp-json\/wp\/v2\/comments?post=18926"}],"version-history":[{"count":3,"href":"https:\/\/plazara.eus\/fr\/wp-json\/wp\/v2\/posts\/18926\/revisions"}],"predecessor-version":[{"id":18942,"href":"https:\/\/plazara.eus\/fr\/wp-json\/wp\/v2\/posts\/18926\/revisions\/18942"}],"wp:featuredmedia":[{"embeddable":true,"href":"https:\/\/plazara.eus\/fr\/wp-json\/wp\/v2\/media\/18909"}],"wp:attachment":[{"href":"https:\/\/plazara.eus\/fr\/wp-json\/wp\/v2\/media?parent=18926"}],"wp:term":[{"taxonomy":"category","embeddable":true,"href":"https:\/\/plazara.eus\/fr\/wp-json\/wp\/v2\/categories?post=18926"},{"taxonomy":"post_tag","embeddable":true,"href":"https:\/\/plazara.eus\/fr\/wp-json\/wp\/v2\/tags?post=18926"}],"curies":[{"name":"wp","href":"https:\/\/api.w.org\/{rel}","templated":true}]}}