{"id":18245,"date":"2026-03-23T11:00:54","date_gmt":"2026-03-23T10:00:54","guid":{"rendered":"https:\/\/plazara.eus\/hitz-ordu-polita-baionako-mediatekan\/"},"modified":"2026-03-23T11:17:21","modified_gmt":"2026-03-23T10:17:21","slug":"rencontre-a-la-mediatheque-de-bayonne","status":"publish","type":"post","link":"https:\/\/plazara.eus\/fr\/rencontre-a-la-mediatheque-de-bayonne\/","title":{"rendered":"Rencontre \u00e0 la M\u00e9diath\u00e8que de Bayonne"},"content":{"rendered":"\t\t<div data-elementor-type=\"wp-post\" data-elementor-id=\"18245\" class=\"elementor elementor-18245 elementor-18215\" data-elementor-post-type=\"post\">\n\t\t\t\t<div class=\"elementor-element elementor-element-6775da84 e-flex e-con-boxed e-con e-parent\" data-id=\"6775da84\" data-element_type=\"container\" data-e-type=\"container\">\n\t\t\t\t\t<div class=\"e-con-inner\">\n\t\t\t\t<div class=\"elementor-element elementor-element-7d54d4f4 elementor-widget elementor-widget-text-editor\" data-id=\"7d54d4f4\" data-element_type=\"widget\" data-e-type=\"widget\" data-widget_type=\"text-editor.default\">\n\t\t\t\t<div class=\"elementor-widget-container\">\n\t\t\t\t\t\t\t\t\t<p>Samedi 4 avril 2026, nous organisons une projection d\u00e9bat \u00e0 la M\u00e9diath\u00e8que du Centre-ville (Bayonne). Au programme\u00a0: \u00ab\u00a0<strong>LA DIVERSITE LINGUISTIQUE\u00a0: UN ENJEU DE SOCIETE\u00a0\u00bb. <\/strong><\/p>\t\t\t\t\t\t\t\t<\/div>\n\t\t\t\t<\/div>\n\t\t\t\t\t<\/div>\n\t\t\t\t<\/div>\n\t\t<div class=\"elementor-element elementor-element-9c872ce e-flex e-con-boxed e-con e-parent\" data-id=\"9c872ce\" data-element_type=\"container\" data-e-type=\"container\">\n\t\t\t\t\t<div class=\"e-con-inner\">\n\t\t\t\t<div class=\"elementor-element elementor-element-de66119 elementor-widget__width-initial elementor-widget elementor-widget-text-editor\" data-id=\"de66119\" data-element_type=\"widget\" data-e-type=\"widget\" data-widget_type=\"text-editor.default\">\n\t\t\t\t<div class=\"elementor-widget-container\">\n\t\t\t\t\t\t\t\t\t<iframe src=\"https:\/\/www.facebook.com\/plugins\/video.php?height=314&#038;href=https%3A%2F%2Fwww.facebook.com%2FMichelFeltinPalasSurLeBoutDesLangues%2Fvideos%2F1544248283624776%2F&#038;show_text=false&#038;width=560&#038;t=0\" width=\"560\" height=\"314\" style=\"border:none;overflow:hidden\" scrolling=\"no\" frameborder=\"0\" allowfullscreen=\"true\" allow=\"autoplay; clipboard-write; encrypted-media; picture-in-picture; web-share\" allowFullScreen=\"true\"><\/iframe>\t\t\t\t\t\t\t\t<\/div>\n\t\t\t\t<\/div>\n\t\t\t\t<div class=\"elementor-element elementor-element-1afb5a3 elementor-widget__width-initial elementor-widget-mobile__width-inherit elementor-widget elementor-widget-video\" data-id=\"1afb5a3\" data-element_type=\"widget\" data-e-type=\"widget\" data-settings=\"{&quot;video_type&quot;:&quot;hosted&quot;,&quot;controls&quot;:&quot;yes&quot;}\" data-widget_type=\"video.default\">\n\t\t\t\t<div class=\"elementor-widget-container\">\n\t\t\t\t\t\t\t<div class=\"e-hosted-video elementor-wrapper elementor-open-inline\">\n\t\t\t\t\t<video class=\"elementor-video\" src=\"https:\/\/plazara.eus\/wp-content\/uploads\/2026\/03\/Une-langue-en-plus-Bayonne.mp4\" controls=\"\" preload=\"metadata\" controlsList=\"nodownload\"><\/video>\n\t\t\t\t<\/div>\n\t\t\t\t\t\t<\/div>\n\t\t\t\t<\/div>\n\t\t\t\t\t<\/div>\n\t\t\t\t<\/div>\n\t\t<div class=\"elementor-element elementor-element-552bd880 e-flex e-con-boxed e-con e-parent\" data-id=\"552bd880\" data-element_type=\"container\" data-e-type=\"container\">\n\t\t\t\t\t<div class=\"e-con-inner\">\n\t\t\t\t<div class=\"elementor-element elementor-element-273f281a elementor-widget elementor-widget-text-editor\" data-id=\"273f281a\" data-element_type=\"widget\" data-e-type=\"widget\" data-widget_type=\"text-editor.default\">\n\t\t\t\t<div class=\"elementor-widget-container\">\n\t\t\t\t\t\t\t\t\t<p>A Bayonne, ville o\u00f9 plusieurs langues et cultures se c\u00f4toient, il est acquis que la diversit\u00e9 linguistique est aussi fondamentale que la diversit\u00e9 \u00e9cologique et culturelle. Dans le cadre de la Semaine de la diversit\u00e9, nous nous int\u00e9resserons aux langues en voie de revitalisation et \u00e0 celles et ceux qui les font vivre. \u00a0<\/p><p><strong>16h<\/strong> Projection du documentaire \u00ab\u00a0Une langue en plus\u00a0\u00bb (52mn).<\/p><p>Un voyage \u00e0 travers les langues parl\u00e9es au sein de l\u2019hexagone, pour montrer \u00ab\u00a0<em>comment des militants se battent pour elles, des \u00e9lus les soutiennent, des universitaires les \u00e9tudient, des enseignants les transmettent, des enfants les apprennent, des artistes les subliment\u2026<\/em>\u00a0\u00bb<\/p><p><strong>17h<\/strong> Rencontre avec Michel FELTIN-PALAS.<\/p><p>Sc\u00e9nariste du documentaire, r\u00e9dacteur en chef de l\u2019Express et amoureux des langues qui d\u00e9fend la diversit\u00e9 linguistique avec p\u00e9dagogie, optimisme et d\u00e9termination. \u00a0<\/p>\t\t\t\t\t\t\t\t<\/div>\n\t\t\t\t<\/div>\n\t\t\t\t<div class=\"elementor-element elementor-element-5338924 elementor-widget elementor-widget-image\" data-id=\"5338924\" data-element_type=\"widget\" data-e-type=\"widget\" data-widget_type=\"image.default\">\n\t\t\t\t<div class=\"elementor-widget-container\">\n\t\t\t\t\t\t\t\t\t\t\t\t\t\t\t<img fetchpriority=\"high\" decoding=\"async\" width=\"1200\" height=\"627\" src=\"https:\/\/plazara.eus\/wp-content\/uploads\/2026\/03\/Une-langue-en-plus-3.webp\" class=\"attachment-full size-full wp-image-18220\" alt=\"\" srcset=\"https:\/\/plazara.eus\/wp-content\/uploads\/2026\/03\/Une-langue-en-plus-3.webp 1200w, https:\/\/plazara.eus\/wp-content\/uploads\/2026\/03\/Une-langue-en-plus-3-300x157.webp 300w, https:\/\/plazara.eus\/wp-content\/uploads\/2026\/03\/Une-langue-en-plus-3-1024x535.webp 1024w, https:\/\/plazara.eus\/wp-content\/uploads\/2026\/03\/Une-langue-en-plus-3-768x401.webp 768w\" sizes=\"(max-width: 1200px) 100vw, 1200px\" \/>\t\t\t\t\t\t\t\t\t\t\t\t\t\t\t<\/div>\n\t\t\t\t<\/div>\n\t\t\t\t\t<\/div>\n\t\t\t\t<\/div>\n\t\t<div class=\"elementor-element elementor-element-78f2e946 e-flex e-con-boxed e-con e-parent\" data-id=\"78f2e946\" data-element_type=\"container\" data-e-type=\"container\" data-settings=\"{&quot;background_background&quot;:&quot;classic&quot;}\">\n\t\t\t\t\t<div class=\"e-con-inner\">\n\t\t\t\t<div class=\"elementor-element elementor-element-73d8f72b elementor-widget elementor-widget-text-editor\" data-id=\"73d8f72b\" data-element_type=\"widget\" data-e-type=\"widget\" data-widget_type=\"text-editor.default\">\n\t\t\t\t<div class=\"elementor-widget-container\">\n\t\t\t\t\t\t\t\t\t<h2><strong>Informations<\/strong><\/h2>\t\t\t\t\t\t\t\t<\/div>\n\t\t\t\t<\/div>\n\t\t\t\t<div class=\"elementor-element elementor-element-2e43e50d elementor-widget elementor-widget-text-editor\" data-id=\"2e43e50d\" data-element_type=\"widget\" data-e-type=\"widget\" data-widget_type=\"text-editor.default\">\n\t\t\t\t<div class=\"elementor-widget-container\">\n\t\t\t\t\t\t\t\t\t<p>Entr\u00e9e gratuite. Tout public.<\/p>\t\t\t\t\t\t\t\t<\/div>\n\t\t\t\t<\/div>\n\t\t\t\t<div class=\"elementor-element elementor-element-407798f elementor-align-center elementor-widget elementor-widget-button\" data-id=\"407798f\" data-element_type=\"widget\" data-e-type=\"widget\" data-widget_type=\"button.default\">\n\t\t\t\t<div class=\"elementor-widget-container\">\n\t\t\t\t\t\t\t\t\t<div class=\"elementor-button-wrapper\">\n\t\t\t\t\t<a class=\"elementor-button elementor-button-link elementor-size-sm\" href=\"https:\/\/mediatheque.bayonne.fr\/%20\" target=\"_blank\">\n\t\t\t\t\t\t<span class=\"elementor-button-content-wrapper\">\n\t\t\t\t\t\t\t\t\t<span class=\"elementor-button-text\">Info +<\/span>\n\t\t\t\t\t<\/span>\n\t\t\t\t\t<\/a>\n\t\t\t\t<\/div>\n\t\t\t\t\t\t\t\t<\/div>\n\t\t\t\t<\/div>\n\t\t\t\t\t<\/div>\n\t\t\t\t<\/div>\n\t\t\t\t<\/div>\n\t\t","protected":false},"excerpt":{"rendered":"<p>Samedi 4 avril 2026, nous organisons une projection d\u00e9bat \u00e0 la M\u00e9diath\u00e8que du Centre-ville (Bayonne). Au programme\u00a0: \u00ab\u00a0LA DIVERSITE LINGUISTIQUE\u00a0: UN ENJEU DE SOCIETE\u00a0\u00bb. https:\/\/plazara.eus\/wp-content\/uploads\/2026\/03\/Une-langue-en-plus-Bayonne.mp4 A Bayonne, ville o\u00f9 plusieurs langues et cultures se c\u00f4toient, il est acquis que la diversit\u00e9 linguistique est aussi fondamentale que la diversit\u00e9 \u00e9cologique et culturelle. Dans le cadre de [&hellip;]<\/p>\n","protected":false},"author":1,"featured_media":18218,"comment_status":"closed","ping_status":"closed","sticky":false,"template":"","format":"standard","meta":{"_acf_changed":false,"footnotes":""},"categories":[119],"tags":[],"class_list":["post-18245","post","type-post","status-publish","format-standard","has-post-thumbnail","hentry","category-nos-projets"],"acf":[],"yoast_head":"<!-- This site is optimized with the Yoast SEO plugin v27.4 - https:\/\/yoast.com\/product\/yoast-seo-wordpress\/ -->\n<title>Rencontre \u00e0 la M\u00e9diath\u00e8que de Bayonne &#8226; Plazara<\/title>\n<meta name=\"robots\" content=\"index, follow, max-snippet:-1, max-image-preview:large, max-video-preview:-1\" \/>\n<link rel=\"canonical\" href=\"https:\/\/plazara.eus\/fr\/rencontre-a-la-mediatheque-de-bayonne\/\" \/>\n<meta property=\"og:locale\" content=\"fr_FR\" \/>\n<meta property=\"og:type\" content=\"article\" \/>\n<meta property=\"og:title\" content=\"Rencontre \u00e0 la M\u00e9diath\u00e8que de Bayonne &#8226; Plazara\" \/>\n<meta property=\"og:description\" content=\"Samedi 4 avril 2026, nous organisons une projection d\u00e9bat \u00e0 la M\u00e9diath\u00e8que du Centre-ville (Bayonne). Au programme\u00a0: \u00ab\u00a0LA DIVERSITE LINGUISTIQUE\u00a0: UN ENJEU DE SOCIETE\u00a0\u00bb. https:\/\/plazara.eus\/wp-content\/uploads\/2026\/03\/Une-langue-en-plus-Bayonne.mp4 A Bayonne, ville o\u00f9 plusieurs langues et cultures se c\u00f4toient, il est acquis que la diversit\u00e9 linguistique est aussi fondamentale que la diversit\u00e9 \u00e9cologique et culturelle. Dans le cadre de [&hellip;]\" \/>\n<meta property=\"og:url\" content=\"https:\/\/plazara.eus\/fr\/rencontre-a-la-mediatheque-de-bayonne\/\" \/>\n<meta property=\"og:site_name\" content=\"Plazara\" \/>\n<meta property=\"article:publisher\" content=\"https:\/\/www.facebook.com\/plazara.koop\" \/>\n<meta property=\"article:published_time\" content=\"2026-03-23T10:00:54+00:00\" \/>\n<meta property=\"article:modified_time\" content=\"2026-03-23T10:17:21+00:00\" \/>\n<meta property=\"og:image\" content=\"https:\/\/plazara.eus\/wp-content\/uploads\/2026\/03\/2026-04-04-Proiekzio-eztabaida-scaled.jpg\" \/>\n\t<meta property=\"og:image:width\" content=\"1810\" \/>\n\t<meta property=\"og:image:height\" content=\"2560\" \/>\n\t<meta property=\"og:image:type\" content=\"image\/jpeg\" \/>\n<meta name=\"author\" content=\"admin\" \/>\n<meta name=\"twitter:card\" content=\"summary_large_image\" \/>\n<meta name=\"twitter:label1\" content=\"\u00c9crit par\" \/>\n\t<meta name=\"twitter:data1\" content=\"admin\" \/>\n\t<meta name=\"twitter:label2\" content=\"Dur\u00e9e de lecture estim\u00e9e\" \/>\n\t<meta name=\"twitter:data2\" content=\"2 minutes\" \/>\n<script type=\"application\/ld+json\" class=\"yoast-schema-graph\">{\"@context\":\"https:\\\/\\\/schema.org\",\"@graph\":[{\"@type\":\"Article\",\"@id\":\"https:\\\/\\\/plazara.eus\\\/fr\\\/rencontre-a-la-mediatheque-de-bayonne\\\/#article\",\"isPartOf\":{\"@id\":\"https:\\\/\\\/plazara.eus\\\/fr\\\/rencontre-a-la-mediatheque-de-bayonne\\\/\"},\"author\":{\"name\":\"admin\",\"@id\":\"https:\\\/\\\/plazara.eus\\\/fr\\\/#\\\/schema\\\/person\\\/f654adbfb96fb1dd2a67067248a4d25a\"},\"headline\":\"Rencontre \u00e0 la M\u00e9diath\u00e8que de Bayonne\",\"datePublished\":\"2026-03-23T10:00:54+00:00\",\"dateModified\":\"2026-03-23T10:17:21+00:00\",\"mainEntityOfPage\":{\"@id\":\"https:\\\/\\\/plazara.eus\\\/fr\\\/rencontre-a-la-mediatheque-de-bayonne\\\/\"},\"wordCount\":182,\"publisher\":{\"@id\":\"https:\\\/\\\/plazara.eus\\\/fr\\\/#organization\"},\"image\":{\"@id\":\"https:\\\/\\\/plazara.eus\\\/fr\\\/rencontre-a-la-mediatheque-de-bayonne\\\/#primaryimage\"},\"thumbnailUrl\":\"https:\\\/\\\/plazara.eus\\\/wp-content\\\/uploads\\\/2026\\\/03\\\/2026-04-04-Proiekzio-eztabaida-scaled.jpg\",\"articleSection\":[\"Nos projets\"],\"inLanguage\":\"fr-FR\"},{\"@type\":\"WebPage\",\"@id\":\"https:\\\/\\\/plazara.eus\\\/fr\\\/rencontre-a-la-mediatheque-de-bayonne\\\/\",\"url\":\"https:\\\/\\\/plazara.eus\\\/fr\\\/rencontre-a-la-mediatheque-de-bayonne\\\/\",\"name\":\"Rencontre \u00e0 la M\u00e9diath\u00e8que de Bayonne &#8226; Plazara\",\"isPartOf\":{\"@id\":\"https:\\\/\\\/plazara.eus\\\/fr\\\/#website\"},\"primaryImageOfPage\":{\"@id\":\"https:\\\/\\\/plazara.eus\\\/fr\\\/rencontre-a-la-mediatheque-de-bayonne\\\/#primaryimage\"},\"image\":{\"@id\":\"https:\\\/\\\/plazara.eus\\\/fr\\\/rencontre-a-la-mediatheque-de-bayonne\\\/#primaryimage\"},\"thumbnailUrl\":\"https:\\\/\\\/plazara.eus\\\/wp-content\\\/uploads\\\/2026\\\/03\\\/2026-04-04-Proiekzio-eztabaida-scaled.jpg\",\"datePublished\":\"2026-03-23T10:00:54+00:00\",\"dateModified\":\"2026-03-23T10:17:21+00:00\",\"breadcrumb\":{\"@id\":\"https:\\\/\\\/plazara.eus\\\/fr\\\/rencontre-a-la-mediatheque-de-bayonne\\\/#breadcrumb\"},\"inLanguage\":\"fr-FR\",\"potentialAction\":[{\"@type\":\"ReadAction\",\"target\":[\"https:\\\/\\\/plazara.eus\\\/fr\\\/rencontre-a-la-mediatheque-de-bayonne\\\/\"]}]},{\"@type\":\"ImageObject\",\"inLanguage\":\"fr-FR\",\"@id\":\"https:\\\/\\\/plazara.eus\\\/fr\\\/rencontre-a-la-mediatheque-de-bayonne\\\/#primaryimage\",\"url\":\"https:\\\/\\\/plazara.eus\\\/wp-content\\\/uploads\\\/2026\\\/03\\\/2026-04-04-Proiekzio-eztabaida-scaled.jpg\",\"contentUrl\":\"https:\\\/\\\/plazara.eus\\\/wp-content\\\/uploads\\\/2026\\\/03\\\/2026-04-04-Proiekzio-eztabaida-scaled.jpg\",\"width\":1810,\"height\":2560},{\"@type\":\"BreadcrumbList\",\"@id\":\"https:\\\/\\\/plazara.eus\\\/fr\\\/rencontre-a-la-mediatheque-de-bayonne\\\/#breadcrumb\",\"itemListElement\":[{\"@type\":\"ListItem\",\"position\":1,\"name\":\"Accueil\",\"item\":\"https:\\\/\\\/plazara.eus\\\/fr\\\/\"},{\"@type\":\"ListItem\",\"position\":2,\"name\":\"Rencontre \u00e0 la M\u00e9diath\u00e8que de Bayonne\"}]},{\"@type\":\"WebSite\",\"@id\":\"https:\\\/\\\/plazara.eus\\\/fr\\\/#website\",\"url\":\"https:\\\/\\\/plazara.eus\\\/fr\\\/\",\"name\":\"Plazara\",\"description\":\"Euskara erdigunera\",\"publisher\":{\"@id\":\"https:\\\/\\\/plazara.eus\\\/fr\\\/#organization\"},\"alternateName\":\"plzr\",\"potentialAction\":[{\"@type\":\"SearchAction\",\"target\":{\"@type\":\"EntryPoint\",\"urlTemplate\":\"https:\\\/\\\/plazara.eus\\\/fr\\\/?s={search_term_string}\"},\"query-input\":{\"@type\":\"PropertyValueSpecification\",\"valueRequired\":true,\"valueName\":\"search_term_string\"}}],\"inLanguage\":\"fr-FR\"},{\"@type\":\"Organization\",\"@id\":\"https:\\\/\\\/plazara.eus\\\/fr\\\/#organization\",\"name\":\"Plazara\",\"url\":\"https:\\\/\\\/plazara.eus\\\/fr\\\/\",\"logo\":{\"@type\":\"ImageObject\",\"inLanguage\":\"fr-FR\",\"@id\":\"https:\\\/\\\/plazara.eus\\\/fr\\\/#\\\/schema\\\/logo\\\/image\\\/\",\"url\":\"https:\\\/\\\/plazara.eus\\\/wp-content\\\/uploads\\\/2023\\\/09\\\/logo-plazara-mobile.png\",\"contentUrl\":\"https:\\\/\\\/plazara.eus\\\/wp-content\\\/uploads\\\/2023\\\/09\\\/logo-plazara-mobile.png\",\"width\":265,\"height\":90,\"caption\":\"Plazara\"},\"image\":{\"@id\":\"https:\\\/\\\/plazara.eus\\\/fr\\\/#\\\/schema\\\/logo\\\/image\\\/\"},\"sameAs\":[\"https:\\\/\\\/www.facebook.com\\\/plazara.koop\",\"https:\\\/\\\/www.instagram.com\\\/plazara.koop\\\/\"]},{\"@type\":\"Person\",\"@id\":\"https:\\\/\\\/plazara.eus\\\/fr\\\/#\\\/schema\\\/person\\\/f654adbfb96fb1dd2a67067248a4d25a\",\"name\":\"admin\",\"image\":{\"@type\":\"ImageObject\",\"inLanguage\":\"fr-FR\",\"@id\":\"https:\\\/\\\/secure.gravatar.com\\\/avatar\\\/10eae57f9d0e64fa4fa966e9ec11974748bd29387a0dfa01a9623967684428bd?s=96&d=mm&r=g\",\"url\":\"https:\\\/\\\/secure.gravatar.com\\\/avatar\\\/10eae57f9d0e64fa4fa966e9ec11974748bd29387a0dfa01a9623967684428bd?s=96&d=mm&r=g\",\"contentUrl\":\"https:\\\/\\\/secure.gravatar.com\\\/avatar\\\/10eae57f9d0e64fa4fa966e9ec11974748bd29387a0dfa01a9623967684428bd?s=96&d=mm&r=g\",\"caption\":\"admin\"},\"sameAs\":[\"https:\\\/\\\/plazara.lantegia.io\"],\"url\":\"https:\\\/\\\/plazara.eus\\\/fr\\\/author\\\/davidsoroheta_2jupt0jj\\\/\"}]}<\/script>\n<!-- \/ Yoast SEO plugin. -->","yoast_head_json":{"title":"Rencontre \u00e0 la M\u00e9diath\u00e8que de Bayonne &#8226; Plazara","robots":{"index":"index","follow":"follow","max-snippet":"max-snippet:-1","max-image-preview":"max-image-preview:large","max-video-preview":"max-video-preview:-1"},"canonical":"https:\/\/plazara.eus\/fr\/rencontre-a-la-mediatheque-de-bayonne\/","og_locale":"fr_FR","og_type":"article","og_title":"Rencontre \u00e0 la M\u00e9diath\u00e8que de Bayonne &#8226; Plazara","og_description":"Samedi 4 avril 2026, nous organisons une projection d\u00e9bat \u00e0 la M\u00e9diath\u00e8que du Centre-ville (Bayonne). Au programme\u00a0: \u00ab\u00a0LA DIVERSITE LINGUISTIQUE\u00a0: UN ENJEU DE SOCIETE\u00a0\u00bb. https:\/\/plazara.eus\/wp-content\/uploads\/2026\/03\/Une-langue-en-plus-Bayonne.mp4 A Bayonne, ville o\u00f9 plusieurs langues et cultures se c\u00f4toient, il est acquis que la diversit\u00e9 linguistique est aussi fondamentale que la diversit\u00e9 \u00e9cologique et culturelle. Dans le cadre de [&hellip;]","og_url":"https:\/\/plazara.eus\/fr\/rencontre-a-la-mediatheque-de-bayonne\/","og_site_name":"Plazara","article_publisher":"https:\/\/www.facebook.com\/plazara.koop","article_published_time":"2026-03-23T10:00:54+00:00","article_modified_time":"2026-03-23T10:17:21+00:00","og_image":[{"width":1810,"height":2560,"url":"https:\/\/plazara.eus\/wp-content\/uploads\/2026\/03\/2026-04-04-Proiekzio-eztabaida-scaled.jpg","type":"image\/jpeg"}],"author":"admin","twitter_card":"summary_large_image","twitter_misc":{"\u00c9crit par":"admin","Dur\u00e9e de lecture estim\u00e9e":"2 minutes"},"schema":{"@context":"https:\/\/schema.org","@graph":[{"@type":"Article","@id":"https:\/\/plazara.eus\/fr\/rencontre-a-la-mediatheque-de-bayonne\/#article","isPartOf":{"@id":"https:\/\/plazara.eus\/fr\/rencontre-a-la-mediatheque-de-bayonne\/"},"author":{"name":"admin","@id":"https:\/\/plazara.eus\/fr\/#\/schema\/person\/f654adbfb96fb1dd2a67067248a4d25a"},"headline":"Rencontre \u00e0 la M\u00e9diath\u00e8que de Bayonne","datePublished":"2026-03-23T10:00:54+00:00","dateModified":"2026-03-23T10:17:21+00:00","mainEntityOfPage":{"@id":"https:\/\/plazara.eus\/fr\/rencontre-a-la-mediatheque-de-bayonne\/"},"wordCount":182,"publisher":{"@id":"https:\/\/plazara.eus\/fr\/#organization"},"image":{"@id":"https:\/\/plazara.eus\/fr\/rencontre-a-la-mediatheque-de-bayonne\/#primaryimage"},"thumbnailUrl":"https:\/\/plazara.eus\/wp-content\/uploads\/2026\/03\/2026-04-04-Proiekzio-eztabaida-scaled.jpg","articleSection":["Nos projets"],"inLanguage":"fr-FR"},{"@type":"WebPage","@id":"https:\/\/plazara.eus\/fr\/rencontre-a-la-mediatheque-de-bayonne\/","url":"https:\/\/plazara.eus\/fr\/rencontre-a-la-mediatheque-de-bayonne\/","name":"Rencontre \u00e0 la M\u00e9diath\u00e8que de Bayonne &#8226; Plazara","isPartOf":{"@id":"https:\/\/plazara.eus\/fr\/#website"},"primaryImageOfPage":{"@id":"https:\/\/plazara.eus\/fr\/rencontre-a-la-mediatheque-de-bayonne\/#primaryimage"},"image":{"@id":"https:\/\/plazara.eus\/fr\/rencontre-a-la-mediatheque-de-bayonne\/#primaryimage"},"thumbnailUrl":"https:\/\/plazara.eus\/wp-content\/uploads\/2026\/03\/2026-04-04-Proiekzio-eztabaida-scaled.jpg","datePublished":"2026-03-23T10:00:54+00:00","dateModified":"2026-03-23T10:17:21+00:00","breadcrumb":{"@id":"https:\/\/plazara.eus\/fr\/rencontre-a-la-mediatheque-de-bayonne\/#breadcrumb"},"inLanguage":"fr-FR","potentialAction":[{"@type":"ReadAction","target":["https:\/\/plazara.eus\/fr\/rencontre-a-la-mediatheque-de-bayonne\/"]}]},{"@type":"ImageObject","inLanguage":"fr-FR","@id":"https:\/\/plazara.eus\/fr\/rencontre-a-la-mediatheque-de-bayonne\/#primaryimage","url":"https:\/\/plazara.eus\/wp-content\/uploads\/2026\/03\/2026-04-04-Proiekzio-eztabaida-scaled.jpg","contentUrl":"https:\/\/plazara.eus\/wp-content\/uploads\/2026\/03\/2026-04-04-Proiekzio-eztabaida-scaled.jpg","width":1810,"height":2560},{"@type":"BreadcrumbList","@id":"https:\/\/plazara.eus\/fr\/rencontre-a-la-mediatheque-de-bayonne\/#breadcrumb","itemListElement":[{"@type":"ListItem","position":1,"name":"Accueil","item":"https:\/\/plazara.eus\/fr\/"},{"@type":"ListItem","position":2,"name":"Rencontre \u00e0 la M\u00e9diath\u00e8que de Bayonne"}]},{"@type":"WebSite","@id":"https:\/\/plazara.eus\/fr\/#website","url":"https:\/\/plazara.eus\/fr\/","name":"Plazara","description":"Euskara erdigunera","publisher":{"@id":"https:\/\/plazara.eus\/fr\/#organization"},"alternateName":"plzr","potentialAction":[{"@type":"SearchAction","target":{"@type":"EntryPoint","urlTemplate":"https:\/\/plazara.eus\/fr\/?s={search_term_string}"},"query-input":{"@type":"PropertyValueSpecification","valueRequired":true,"valueName":"search_term_string"}}],"inLanguage":"fr-FR"},{"@type":"Organization","@id":"https:\/\/plazara.eus\/fr\/#organization","name":"Plazara","url":"https:\/\/plazara.eus\/fr\/","logo":{"@type":"ImageObject","inLanguage":"fr-FR","@id":"https:\/\/plazara.eus\/fr\/#\/schema\/logo\/image\/","url":"https:\/\/plazara.eus\/wp-content\/uploads\/2023\/09\/logo-plazara-mobile.png","contentUrl":"https:\/\/plazara.eus\/wp-content\/uploads\/2023\/09\/logo-plazara-mobile.png","width":265,"height":90,"caption":"Plazara"},"image":{"@id":"https:\/\/plazara.eus\/fr\/#\/schema\/logo\/image\/"},"sameAs":["https:\/\/www.facebook.com\/plazara.koop","https:\/\/www.instagram.com\/plazara.koop\/"]},{"@type":"Person","@id":"https:\/\/plazara.eus\/fr\/#\/schema\/person\/f654adbfb96fb1dd2a67067248a4d25a","name":"admin","image":{"@type":"ImageObject","inLanguage":"fr-FR","@id":"https:\/\/secure.gravatar.com\/avatar\/10eae57f9d0e64fa4fa966e9ec11974748bd29387a0dfa01a9623967684428bd?s=96&d=mm&r=g","url":"https:\/\/secure.gravatar.com\/avatar\/10eae57f9d0e64fa4fa966e9ec11974748bd29387a0dfa01a9623967684428bd?s=96&d=mm&r=g","contentUrl":"https:\/\/secure.gravatar.com\/avatar\/10eae57f9d0e64fa4fa966e9ec11974748bd29387a0dfa01a9623967684428bd?s=96&d=mm&r=g","caption":"admin"},"sameAs":["https:\/\/plazara.lantegia.io"],"url":"https:\/\/plazara.eus\/fr\/author\/davidsoroheta_2jupt0jj\/"}]}},"_links":{"self":[{"href":"https:\/\/plazara.eus\/fr\/wp-json\/wp\/v2\/posts\/18245","targetHints":{"allow":["GET"]}}],"collection":[{"href":"https:\/\/plazara.eus\/fr\/wp-json\/wp\/v2\/posts"}],"about":[{"href":"https:\/\/plazara.eus\/fr\/wp-json\/wp\/v2\/types\/post"}],"author":[{"embeddable":true,"href":"https:\/\/plazara.eus\/fr\/wp-json\/wp\/v2\/users\/1"}],"replies":[{"embeddable":true,"href":"https:\/\/plazara.eus\/fr\/wp-json\/wp\/v2\/comments?post=18245"}],"version-history":[{"count":7,"href":"https:\/\/plazara.eus\/fr\/wp-json\/wp\/v2\/posts\/18245\/revisions"}],"predecessor-version":[{"id":18252,"href":"https:\/\/plazara.eus\/fr\/wp-json\/wp\/v2\/posts\/18245\/revisions\/18252"}],"wp:featuredmedia":[{"embeddable":true,"href":"https:\/\/plazara.eus\/fr\/wp-json\/wp\/v2\/media\/18218"}],"wp:attachment":[{"href":"https:\/\/plazara.eus\/fr\/wp-json\/wp\/v2\/media?parent=18245"}],"wp:term":[{"taxonomy":"category","embeddable":true,"href":"https:\/\/plazara.eus\/fr\/wp-json\/wp\/v2\/categories?post=18245"},{"taxonomy":"post_tag","embeddable":true,"href":"https:\/\/plazara.eus\/fr\/wp-json\/wp\/v2\/tags?post=18245"}],"curies":[{"name":"wp","href":"https:\/\/api.w.org\/{rel}","templated":true}]}}