{"id":18188,"date":"2026-03-19T10:36:26","date_gmt":"2026-03-19T09:36:26","guid":{"rendered":"https:\/\/plazara.eus\/euskorekin-mintzaldi-solasaldia\/"},"modified":"2026-03-23T10:59:32","modified_gmt":"2026-03-23T09:59:32","slug":"le-role-des-commercants-et-des-clients-dans-la-revitalisation-de-leuskara","status":"publish","type":"post","link":"https:\/\/plazara.eus\/fr\/le-role-des-commercants-et-des-clients-dans-la-revitalisation-de-leuskara\/","title":{"rendered":"Le r\u00f4le des commer\u00e7ants (et des clients) dans la revitalisation de l\u2019euskara"},"content":{"rendered":"\t\t<div data-elementor-type=\"wp-post\" data-elementor-id=\"18188\" class=\"elementor elementor-18188 elementor-18166\" data-elementor-post-type=\"post\">\n\t\t\t\t<div class=\"elementor-element elementor-element-46b7574 e-flex e-con-boxed e-con e-parent\" data-id=\"46b7574\" data-element_type=\"container\" data-e-type=\"container\">\n\t\t\t\t\t<div class=\"e-con-inner\">\n\t\t\t\t<div class=\"elementor-element elementor-element-7740836 elementor-widget elementor-widget-text-editor\" data-id=\"7740836\" data-element_type=\"widget\" data-e-type=\"widget\" data-widget_type=\"text-editor.default\">\n\t\t\t\t<div class=\"elementor-widget-container\">\n\t\t\t\t\t\t\t\t\t<p>Euskal Moneta et le collectif Plazara vous invitent \u00e0 un second atelier participatif de 2 heures, pour r\u00e9fl\u00e9chir au r\u00f4le r\u00f4le strat\u00e9gique des commerces et clients dans la revitalisation de l\u2019euskara.<\/p>\t\t\t\t\t\t\t\t<\/div>\n\t\t\t\t<\/div>\n\t\t\t\t\t<\/div>\n\t\t\t\t<\/div>\n\t\t<div class=\"elementor-element elementor-element-2f3977e e-flex e-con-boxed e-con e-parent\" data-id=\"2f3977e\" data-element_type=\"container\" data-e-type=\"container\">\n\t\t\t\t\t<div class=\"e-con-inner\">\n\t\t\t\t<div class=\"elementor-element elementor-element-cfa5aa1 elementor-widget elementor-widget-text-editor\" data-id=\"cfa5aa1\" data-element_type=\"widget\" data-e-type=\"widget\" data-widget_type=\"text-editor.default\">\n\t\t\t\t<div class=\"elementor-widget-container\">\n\t\t\t\t\t\t\t\t\t<p>Plusieurs th\u00e8mes seront abord\u00e9s au cours de la soir\u00e9e :<\/p><ul><li>R\u00e9fl\u00e9chir \u00e0 la <strong>transition linguistique<\/strong><\/li><li>Comment <strong>soutenir la pratique<\/strong> de l\u2019euskara en n\u2019\u00e9tant pas (encore) bascophone.<\/li><li>La <strong>situation actuelle de l\u2019euskara<\/strong>, notamment en Barnekalde, et ses enjeux<\/li><li><strong>Ce que l\u2019euskara peut apporter<\/strong> aux commer\u00e7ants, aux clients et \u00e0 la relation commerciale<\/li><li><strong>Le lien<\/strong> que chacun entretient<strong> avec la langue basque<\/strong><\/li><\/ul><p>\u00a0<\/p><p>Un contenu accessible, concret et utile \u00e0 toutes et tous. Un espace pour poser vos questions, partager vos remarques et vos exp\u00e9riences.<\/p><p>Conf\u00e9rence en euskara avec traduction fran\u00e7aise en simultan\u00e9e.<\/p>\t\t\t\t\t\t\t\t<\/div>\n\t\t\t\t<\/div>\n\t\t\t\t<div class=\"elementor-element elementor-element-2d009ca elementor-align-center elementor-widget elementor-widget-button\" data-id=\"2d009ca\" data-element_type=\"widget\" data-e-type=\"widget\" data-widget_type=\"button.default\">\n\t\t\t\t<div class=\"elementor-widget-container\">\n\t\t\t\t\t\t\t\t\t<div class=\"elementor-button-wrapper\">\n\t\t\t\t\t<a class=\"elementor-button elementor-button-link elementor-size-sm\" href=\"https:\/\/docs.google.com\/forms\/d\/e\/1FAIpQLSdz84v9diEaDg9kwSwbKmQqeOiP93IvKYraaOFiiDP2wT1w0w\/viewform\" target=\"_blank\">\n\t\t\t\t\t\t<span class=\"elementor-button-content-wrapper\">\n\t\t\t\t\t\t\t\t\t<span class=\"elementor-button-text\">Je m'inscrits<\/span>\n\t\t\t\t\t<\/span>\n\t\t\t\t\t<\/a>\n\t\t\t\t<\/div>\n\t\t\t\t\t\t\t\t<\/div>\n\t\t\t\t<\/div>\n\t\t\t\t\t<\/div>\n\t\t\t\t<\/div>\n\t\t<div class=\"elementor-element elementor-element-f7e5d07 e-flex e-con-boxed e-con e-parent\" data-id=\"f7e5d07\" data-element_type=\"container\" data-e-type=\"container\">\n\t\t\t\t\t<div class=\"e-con-inner\">\n\t\t\t\t<div class=\"elementor-element elementor-element-616eab4 elementor-widget elementor-widget-gallery\" data-id=\"616eab4\" data-element_type=\"widget\" data-e-type=\"widget\" data-settings=\"{&quot;gap&quot;:{&quot;unit&quot;:&quot;px&quot;,&quot;size&quot;:30,&quot;sizes&quot;:[]},&quot;aspect_ratio&quot;:&quot;1:1&quot;,&quot;lazyload&quot;:&quot;yes&quot;,&quot;gallery_layout&quot;:&quot;grid&quot;,&quot;columns&quot;:4,&quot;columns_tablet&quot;:2,&quot;columns_mobile&quot;:1,&quot;gap_tablet&quot;:{&quot;unit&quot;:&quot;px&quot;,&quot;size&quot;:10,&quot;sizes&quot;:[]},&quot;gap_mobile&quot;:{&quot;unit&quot;:&quot;px&quot;,&quot;size&quot;:10,&quot;sizes&quot;:[]},&quot;link_to&quot;:&quot;file&quot;,&quot;overlay_background&quot;:&quot;yes&quot;,&quot;content_hover_animation&quot;:&quot;fade-in&quot;}\" data-widget_type=\"gallery.default\">\n\t\t\t\t<div class=\"elementor-widget-container\">\n\t\t\t\t\t\t\t<div class=\"elementor-gallery__container\">\n\t\t\t\t\t\t\t<a class=\"e-gallery-item elementor-gallery-item elementor-animated-content\" href=\"https:\/\/plazara.eus\/wp-content\/uploads\/2026\/03\/plazara-eusko-4-scaled-1.jpeg\" data-elementor-open-lightbox=\"yes\" data-elementor-lightbox-slideshow=\"616eab4\" data-elementor-lightbox-title=\"plazara-eusko-4-scaled.jpeg\" data-e-action-hash=\"#elementor-action%3Aaction%3Dlightbox%26settings%3DeyJpZCI6MTgyMDEsInVybCI6Imh0dHBzOlwvXC9wbGF6YXJhLmV1c1wvd3AtY29udGVudFwvdXBsb2Fkc1wvMjAyNlwvMDNcL3BsYXphcmEtZXVza28tNC1zY2FsZWQtMS5qcGVnIiwic2xpZGVzaG93IjoiNjE2ZWFiNCJ9\">\n\t\t\t\t\t<div class=\"e-gallery-image elementor-gallery-item__image\" data-thumbnail=\"https:\/\/plazara.eus\/wp-content\/uploads\/2026\/03\/plazara-eusko-4-scaled-1.jpeg\" data-width=\"2560\" data-height=\"1920\" aria-label=\"\" role=\"img\" ><\/div>\n\t\t\t\t\t\t\t\t\t\t\t<div class=\"elementor-gallery-item__overlay\"><\/div>\n\t\t\t\t\t\t\t\t\t\t\t\t\t\t<\/a>\n\t\t\t\t\t\t\t<a class=\"e-gallery-item elementor-gallery-item elementor-animated-content\" href=\"https:\/\/plazara.eus\/wp-content\/uploads\/2026\/03\/plazara-eusko-3-scaled-1.jpeg\" data-elementor-open-lightbox=\"yes\" data-elementor-lightbox-slideshow=\"616eab4\" data-elementor-lightbox-title=\"plazara-eusko-3-scaled.jpeg\" data-e-action-hash=\"#elementor-action%3Aaction%3Dlightbox%26settings%3DeyJpZCI6MTgyMDMsInVybCI6Imh0dHBzOlwvXC9wbGF6YXJhLmV1c1wvd3AtY29udGVudFwvdXBsb2Fkc1wvMjAyNlwvMDNcL3BsYXphcmEtZXVza28tMy1zY2FsZWQtMS5qcGVnIiwic2xpZGVzaG93IjoiNjE2ZWFiNCJ9\">\n\t\t\t\t\t<div class=\"e-gallery-image elementor-gallery-item__image\" data-thumbnail=\"https:\/\/plazara.eus\/wp-content\/uploads\/2026\/03\/plazara-eusko-3-scaled-1.jpeg\" data-width=\"2560\" data-height=\"1920\" aria-label=\"\" role=\"img\" ><\/div>\n\t\t\t\t\t\t\t\t\t\t\t<div class=\"elementor-gallery-item__overlay\"><\/div>\n\t\t\t\t\t\t\t\t\t\t\t\t\t\t<\/a>\n\t\t\t\t\t\t\t<a class=\"e-gallery-item elementor-gallery-item elementor-animated-content\" href=\"https:\/\/plazara.eus\/wp-content\/uploads\/2026\/03\/plazara-eusko-2-1.png\" data-elementor-open-lightbox=\"yes\" data-elementor-lightbox-slideshow=\"616eab4\" data-elementor-lightbox-title=\"plazara-eusko-2.png\" data-e-action-hash=\"#elementor-action%3Aaction%3Dlightbox%26settings%3DeyJpZCI6MTgyMDUsInVybCI6Imh0dHBzOlwvXC9wbGF6YXJhLmV1c1wvd3AtY29udGVudFwvdXBsb2Fkc1wvMjAyNlwvMDNcL3BsYXphcmEtZXVza28tMi0xLnBuZyIsInNsaWRlc2hvdyI6IjYxNmVhYjQifQ%3D%3D\">\n\t\t\t\t\t<div class=\"e-gallery-image elementor-gallery-item__image\" data-thumbnail=\"https:\/\/plazara.eus\/wp-content\/uploads\/2026\/03\/plazara-eusko-2-1.png\" data-width=\"1080\" data-height=\"1350\" aria-label=\"\" role=\"img\" ><\/div>\n\t\t\t\t\t\t\t\t\t\t\t<div class=\"elementor-gallery-item__overlay\"><\/div>\n\t\t\t\t\t\t\t\t\t\t\t\t\t\t<\/a>\n\t\t\t\t\t\t\t<a class=\"e-gallery-item elementor-gallery-item elementor-animated-content\" href=\"https:\/\/plazara.eus\/wp-content\/uploads\/2026\/03\/plazara-eusko-1-1.png\" data-elementor-open-lightbox=\"yes\" data-elementor-lightbox-slideshow=\"616eab4\" data-elementor-lightbox-title=\"plazara-eusko-1.png\" data-e-action-hash=\"#elementor-action%3Aaction%3Dlightbox%26settings%3DeyJpZCI6MTgyMDcsInVybCI6Imh0dHBzOlwvXC9wbGF6YXJhLmV1c1wvd3AtY29udGVudFwvdXBsb2Fkc1wvMjAyNlwvMDNcL3BsYXphcmEtZXVza28tMS0xLnBuZyIsInNsaWRlc2hvdyI6IjYxNmVhYjQifQ%3D%3D\">\n\t\t\t\t\t<div class=\"e-gallery-image elementor-gallery-item__image\" data-thumbnail=\"https:\/\/plazara.eus\/wp-content\/uploads\/2026\/03\/plazara-eusko-1-1.png\" data-width=\"1080\" data-height=\"1350\" aria-label=\"\" role=\"img\" ><\/div>\n\t\t\t\t\t\t\t\t\t\t\t<div class=\"elementor-gallery-item__overlay\"><\/div>\n\t\t\t\t\t\t\t\t\t\t\t\t\t\t<\/a>\n\t\t\t\t\t<\/div>\n\t\t\t\t\t<\/div>\n\t\t\t\t<\/div>\n\t\t\t\t\t<\/div>\n\t\t\t\t<\/div>\n\t\t<div class=\"elementor-element elementor-element-651c3ac e-flex e-con-boxed e-con e-parent\" data-id=\"651c3ac\" data-element_type=\"container\" data-e-type=\"container\" data-settings=\"{&quot;background_background&quot;:&quot;classic&quot;}\">\n\t\t\t\t\t<div class=\"e-con-inner\">\n\t\t\t\t<div class=\"elementor-element elementor-element-594760c elementor-widget__width-inherit elementor-widget elementor-widget-text-editor\" data-id=\"594760c\" data-element_type=\"widget\" data-e-type=\"widget\" data-widget_type=\"text-editor.default\">\n\t\t\t\t<div class=\"elementor-widget-container\">\n\t\t\t\t\t\t\t\t\t<h3>En r\u00e9sum\u00e9<\/h3>\t\t\t\t\t\t\t\t<\/div>\n\t\t\t\t<\/div>\n\t\t\t\t<div class=\"elementor-element elementor-element-1f43894 elementor-widget__width-inherit elementor-widget elementor-widget-text-editor\" data-id=\"1f43894\" data-element_type=\"widget\" data-e-type=\"widget\" data-widget_type=\"text-editor.default\">\n\t\t\t\t<div class=\"elementor-widget-container\">\n\t\t\t\t\t\t\t\t\t<p>Jeudi 26 mars<\/p><p>19:00 &#8211; 21:00<\/p><p>Restaurant <u><a href=\"https:\/\/www.espelletenia.eus\/\">Espelletenia<\/a><\/u>, Lartzabale<\/p><p>Gratuit et ouvert \u00e0 tous.tes les professionnel.le.s<\/p>\t\t\t\t\t\t\t\t<\/div>\n\t\t\t\t<\/div>\n\t\t\t\t<div class=\"elementor-element elementor-element-e01f219 elementor-align-center elementor-widget elementor-widget-button\" data-id=\"e01f219\" data-element_type=\"widget\" data-e-type=\"widget\" data-widget_type=\"button.default\">\n\t\t\t\t<div class=\"elementor-widget-container\">\n\t\t\t\t\t\t\t\t\t<div class=\"elementor-button-wrapper\">\n\t\t\t\t\t<a class=\"elementor-button elementor-button-link elementor-size-sm\" href=\"http:\/\/www.euskalmoneta.org%20\" target=\"_blank\">\n\t\t\t\t\t\t<span class=\"elementor-button-content-wrapper\">\n\t\t\t\t\t\t\t\t\t<span class=\"elementor-button-text\">Info+ <\/span>\n\t\t\t\t\t<\/span>\n\t\t\t\t\t<\/a>\n\t\t\t\t<\/div>\n\t\t\t\t\t\t\t\t<\/div>\n\t\t\t\t<\/div>\n\t\t\t\t\t<\/div>\n\t\t\t\t<\/div>\n\t\t\t\t<\/div>\n\t\t","protected":false},"excerpt":{"rendered":"<p>Euskal Moneta et le collectif Plazara vous invitent \u00e0 un second atelier participatif de 2 heures, pour r\u00e9fl\u00e9chir au r\u00f4le r\u00f4le strat\u00e9gique des commerces et clients dans la revitalisation de l\u2019euskara. Plusieurs th\u00e8mes seront abord\u00e9s au cours de la soir\u00e9e : R\u00e9fl\u00e9chir \u00e0 la transition linguistique Comment soutenir la pratique de l\u2019euskara en n\u2019\u00e9tant pas [&hellip;]<\/p>\n","protected":false},"author":1,"featured_media":18168,"comment_status":"closed","ping_status":"closed","sticky":false,"template":"","format":"standard","meta":{"_acf_changed":false,"footnotes":""},"categories":[103],"tags":[],"class_list":["post-18188","post","type-post","status-publish","format-standard","has-post-thumbnail","hentry","category-nos-services"],"acf":[],"yoast_head":"<!-- This site is optimized with the Yoast SEO plugin v27.4 - https:\/\/yoast.com\/product\/yoast-seo-wordpress\/ -->\n<title>Le r\u00f4le des commer\u00e7ants (et des clients) dans la revitalisation de l\u2019euskara &#8226; Plazara<\/title>\n<meta name=\"robots\" content=\"index, follow, max-snippet:-1, max-image-preview:large, max-video-preview:-1\" \/>\n<link rel=\"canonical\" href=\"https:\/\/plazara.eus\/fr\/le-role-des-commercants-et-des-clients-dans-la-revitalisation-de-leuskara\/\" \/>\n<meta property=\"og:locale\" content=\"fr_FR\" \/>\n<meta property=\"og:type\" content=\"article\" \/>\n<meta property=\"og:title\" content=\"Le r\u00f4le des commer\u00e7ants (et des clients) dans la revitalisation de l\u2019euskara &#8226; Plazara\" \/>\n<meta property=\"og:description\" content=\"Euskal Moneta et le collectif Plazara vous invitent \u00e0 un second atelier participatif de 2 heures, pour r\u00e9fl\u00e9chir au r\u00f4le r\u00f4le strat\u00e9gique des commerces et clients dans la revitalisation de l\u2019euskara. Plusieurs th\u00e8mes seront abord\u00e9s au cours de la soir\u00e9e : R\u00e9fl\u00e9chir \u00e0 la transition linguistique Comment soutenir la pratique de l\u2019euskara en n\u2019\u00e9tant pas [&hellip;]\" \/>\n<meta property=\"og:url\" content=\"https:\/\/plazara.eus\/fr\/le-role-des-commercants-et-des-clients-dans-la-revitalisation-de-leuskara\/\" \/>\n<meta property=\"og:site_name\" content=\"Plazara\" \/>\n<meta property=\"article:publisher\" content=\"https:\/\/www.facebook.com\/plazara.koop\" \/>\n<meta property=\"article:published_time\" content=\"2026-03-19T09:36:26+00:00\" \/>\n<meta property=\"article:modified_time\" content=\"2026-03-23T09:59:32+00:00\" \/>\n<meta property=\"og:image\" content=\"https:\/\/plazara.eus\/wp-content\/uploads\/2026\/03\/Afixa-Eusko-x-Plazara-Instagram-45.png\" \/>\n\t<meta property=\"og:image:width\" content=\"1080\" \/>\n\t<meta property=\"og:image:height\" content=\"1350\" \/>\n\t<meta property=\"og:image:type\" content=\"image\/png\" \/>\n<meta name=\"author\" content=\"admin\" \/>\n<meta name=\"twitter:card\" content=\"summary_large_image\" \/>\n<meta name=\"twitter:label1\" content=\"\u00c9crit par\" \/>\n\t<meta name=\"twitter:data1\" content=\"admin\" \/>\n\t<meta name=\"twitter:label2\" content=\"Dur\u00e9e de lecture estim\u00e9e\" \/>\n\t<meta name=\"twitter:data2\" content=\"1 minute\" \/>\n<script type=\"application\/ld+json\" class=\"yoast-schema-graph\">{\"@context\":\"https:\\\/\\\/schema.org\",\"@graph\":[{\"@type\":\"Article\",\"@id\":\"https:\\\/\\\/plazara.eus\\\/fr\\\/le-role-des-commercants-et-des-clients-dans-la-revitalisation-de-leuskara\\\/#article\",\"isPartOf\":{\"@id\":\"https:\\\/\\\/plazara.eus\\\/fr\\\/le-role-des-commercants-et-des-clients-dans-la-revitalisation-de-leuskara\\\/\"},\"author\":{\"name\":\"admin\",\"@id\":\"https:\\\/\\\/plazara.eus\\\/fr\\\/#\\\/schema\\\/person\\\/f654adbfb96fb1dd2a67067248a4d25a\"},\"headline\":\"Le r\u00f4le des commer\u00e7ants (et des clients) dans la revitalisation de l\u2019euskara\",\"datePublished\":\"2026-03-19T09:36:26+00:00\",\"dateModified\":\"2026-03-23T09:59:32+00:00\",\"mainEntityOfPage\":{\"@id\":\"https:\\\/\\\/plazara.eus\\\/fr\\\/le-role-des-commercants-et-des-clients-dans-la-revitalisation-de-leuskara\\\/\"},\"wordCount\":172,\"publisher\":{\"@id\":\"https:\\\/\\\/plazara.eus\\\/fr\\\/#organization\"},\"image\":{\"@id\":\"https:\\\/\\\/plazara.eus\\\/fr\\\/le-role-des-commercants-et-des-clients-dans-la-revitalisation-de-leuskara\\\/#primaryimage\"},\"thumbnailUrl\":\"https:\\\/\\\/plazara.eus\\\/wp-content\\\/uploads\\\/2026\\\/03\\\/Afixa-Eusko-x-Plazara-Instagram-45.png\",\"articleSection\":[\"Nos services\"],\"inLanguage\":\"fr-FR\"},{\"@type\":\"WebPage\",\"@id\":\"https:\\\/\\\/plazara.eus\\\/fr\\\/le-role-des-commercants-et-des-clients-dans-la-revitalisation-de-leuskara\\\/\",\"url\":\"https:\\\/\\\/plazara.eus\\\/fr\\\/le-role-des-commercants-et-des-clients-dans-la-revitalisation-de-leuskara\\\/\",\"name\":\"Le r\u00f4le des commer\u00e7ants (et des clients) dans la revitalisation de l\u2019euskara &#8226; Plazara\",\"isPartOf\":{\"@id\":\"https:\\\/\\\/plazara.eus\\\/fr\\\/#website\"},\"primaryImageOfPage\":{\"@id\":\"https:\\\/\\\/plazara.eus\\\/fr\\\/le-role-des-commercants-et-des-clients-dans-la-revitalisation-de-leuskara\\\/#primaryimage\"},\"image\":{\"@id\":\"https:\\\/\\\/plazara.eus\\\/fr\\\/le-role-des-commercants-et-des-clients-dans-la-revitalisation-de-leuskara\\\/#primaryimage\"},\"thumbnailUrl\":\"https:\\\/\\\/plazara.eus\\\/wp-content\\\/uploads\\\/2026\\\/03\\\/Afixa-Eusko-x-Plazara-Instagram-45.png\",\"datePublished\":\"2026-03-19T09:36:26+00:00\",\"dateModified\":\"2026-03-23T09:59:32+00:00\",\"breadcrumb\":{\"@id\":\"https:\\\/\\\/plazara.eus\\\/fr\\\/le-role-des-commercants-et-des-clients-dans-la-revitalisation-de-leuskara\\\/#breadcrumb\"},\"inLanguage\":\"fr-FR\",\"potentialAction\":[{\"@type\":\"ReadAction\",\"target\":[\"https:\\\/\\\/plazara.eus\\\/fr\\\/le-role-des-commercants-et-des-clients-dans-la-revitalisation-de-leuskara\\\/\"]}]},{\"@type\":\"ImageObject\",\"inLanguage\":\"fr-FR\",\"@id\":\"https:\\\/\\\/plazara.eus\\\/fr\\\/le-role-des-commercants-et-des-clients-dans-la-revitalisation-de-leuskara\\\/#primaryimage\",\"url\":\"https:\\\/\\\/plazara.eus\\\/wp-content\\\/uploads\\\/2026\\\/03\\\/Afixa-Eusko-x-Plazara-Instagram-45.png\",\"contentUrl\":\"https:\\\/\\\/plazara.eus\\\/wp-content\\\/uploads\\\/2026\\\/03\\\/Afixa-Eusko-x-Plazara-Instagram-45.png\",\"width\":1080,\"height\":1350},{\"@type\":\"BreadcrumbList\",\"@id\":\"https:\\\/\\\/plazara.eus\\\/fr\\\/le-role-des-commercants-et-des-clients-dans-la-revitalisation-de-leuskara\\\/#breadcrumb\",\"itemListElement\":[{\"@type\":\"ListItem\",\"position\":1,\"name\":\"Accueil\",\"item\":\"https:\\\/\\\/plazara.eus\\\/fr\\\/\"},{\"@type\":\"ListItem\",\"position\":2,\"name\":\"Le r\u00f4le des commer\u00e7ants (et des clients) dans la revitalisation de l\u2019euskara\"}]},{\"@type\":\"WebSite\",\"@id\":\"https:\\\/\\\/plazara.eus\\\/fr\\\/#website\",\"url\":\"https:\\\/\\\/plazara.eus\\\/fr\\\/\",\"name\":\"Plazara\",\"description\":\"Euskara erdigunera\",\"publisher\":{\"@id\":\"https:\\\/\\\/plazara.eus\\\/fr\\\/#organization\"},\"alternateName\":\"plzr\",\"potentialAction\":[{\"@type\":\"SearchAction\",\"target\":{\"@type\":\"EntryPoint\",\"urlTemplate\":\"https:\\\/\\\/plazara.eus\\\/fr\\\/?s={search_term_string}\"},\"query-input\":{\"@type\":\"PropertyValueSpecification\",\"valueRequired\":true,\"valueName\":\"search_term_string\"}}],\"inLanguage\":\"fr-FR\"},{\"@type\":\"Organization\",\"@id\":\"https:\\\/\\\/plazara.eus\\\/fr\\\/#organization\",\"name\":\"Plazara\",\"url\":\"https:\\\/\\\/plazara.eus\\\/fr\\\/\",\"logo\":{\"@type\":\"ImageObject\",\"inLanguage\":\"fr-FR\",\"@id\":\"https:\\\/\\\/plazara.eus\\\/fr\\\/#\\\/schema\\\/logo\\\/image\\\/\",\"url\":\"https:\\\/\\\/plazara.eus\\\/wp-content\\\/uploads\\\/2023\\\/09\\\/logo-plazara-mobile.png\",\"contentUrl\":\"https:\\\/\\\/plazara.eus\\\/wp-content\\\/uploads\\\/2023\\\/09\\\/logo-plazara-mobile.png\",\"width\":265,\"height\":90,\"caption\":\"Plazara\"},\"image\":{\"@id\":\"https:\\\/\\\/plazara.eus\\\/fr\\\/#\\\/schema\\\/logo\\\/image\\\/\"},\"sameAs\":[\"https:\\\/\\\/www.facebook.com\\\/plazara.koop\",\"https:\\\/\\\/www.instagram.com\\\/plazara.koop\\\/\"]},{\"@type\":\"Person\",\"@id\":\"https:\\\/\\\/plazara.eus\\\/fr\\\/#\\\/schema\\\/person\\\/f654adbfb96fb1dd2a67067248a4d25a\",\"name\":\"admin\",\"image\":{\"@type\":\"ImageObject\",\"inLanguage\":\"fr-FR\",\"@id\":\"https:\\\/\\\/secure.gravatar.com\\\/avatar\\\/10eae57f9d0e64fa4fa966e9ec11974748bd29387a0dfa01a9623967684428bd?s=96&d=mm&r=g\",\"url\":\"https:\\\/\\\/secure.gravatar.com\\\/avatar\\\/10eae57f9d0e64fa4fa966e9ec11974748bd29387a0dfa01a9623967684428bd?s=96&d=mm&r=g\",\"contentUrl\":\"https:\\\/\\\/secure.gravatar.com\\\/avatar\\\/10eae57f9d0e64fa4fa966e9ec11974748bd29387a0dfa01a9623967684428bd?s=96&d=mm&r=g\",\"caption\":\"admin\"},\"sameAs\":[\"https:\\\/\\\/plazara.lantegia.io\"],\"url\":\"https:\\\/\\\/plazara.eus\\\/fr\\\/author\\\/davidsoroheta_2jupt0jj\\\/\"}]}<\/script>\n<!-- \/ Yoast SEO plugin. -->","yoast_head_json":{"title":"Le r\u00f4le des commer\u00e7ants (et des clients) dans la revitalisation de l\u2019euskara &#8226; Plazara","robots":{"index":"index","follow":"follow","max-snippet":"max-snippet:-1","max-image-preview":"max-image-preview:large","max-video-preview":"max-video-preview:-1"},"canonical":"https:\/\/plazara.eus\/fr\/le-role-des-commercants-et-des-clients-dans-la-revitalisation-de-leuskara\/","og_locale":"fr_FR","og_type":"article","og_title":"Le r\u00f4le des commer\u00e7ants (et des clients) dans la revitalisation de l\u2019euskara &#8226; Plazara","og_description":"Euskal Moneta et le collectif Plazara vous invitent \u00e0 un second atelier participatif de 2 heures, pour r\u00e9fl\u00e9chir au r\u00f4le r\u00f4le strat\u00e9gique des commerces et clients dans la revitalisation de l\u2019euskara. Plusieurs th\u00e8mes seront abord\u00e9s au cours de la soir\u00e9e : R\u00e9fl\u00e9chir \u00e0 la transition linguistique Comment soutenir la pratique de l\u2019euskara en n\u2019\u00e9tant pas [&hellip;]","og_url":"https:\/\/plazara.eus\/fr\/le-role-des-commercants-et-des-clients-dans-la-revitalisation-de-leuskara\/","og_site_name":"Plazara","article_publisher":"https:\/\/www.facebook.com\/plazara.koop","article_published_time":"2026-03-19T09:36:26+00:00","article_modified_time":"2026-03-23T09:59:32+00:00","og_image":[{"width":1080,"height":1350,"url":"https:\/\/plazara.eus\/wp-content\/uploads\/2026\/03\/Afixa-Eusko-x-Plazara-Instagram-45.png","type":"image\/png"}],"author":"admin","twitter_card":"summary_large_image","twitter_misc":{"\u00c9crit par":"admin","Dur\u00e9e de lecture estim\u00e9e":"1 minute"},"schema":{"@context":"https:\/\/schema.org","@graph":[{"@type":"Article","@id":"https:\/\/plazara.eus\/fr\/le-role-des-commercants-et-des-clients-dans-la-revitalisation-de-leuskara\/#article","isPartOf":{"@id":"https:\/\/plazara.eus\/fr\/le-role-des-commercants-et-des-clients-dans-la-revitalisation-de-leuskara\/"},"author":{"name":"admin","@id":"https:\/\/plazara.eus\/fr\/#\/schema\/person\/f654adbfb96fb1dd2a67067248a4d25a"},"headline":"Le r\u00f4le des commer\u00e7ants (et des clients) dans la revitalisation de l\u2019euskara","datePublished":"2026-03-19T09:36:26+00:00","dateModified":"2026-03-23T09:59:32+00:00","mainEntityOfPage":{"@id":"https:\/\/plazara.eus\/fr\/le-role-des-commercants-et-des-clients-dans-la-revitalisation-de-leuskara\/"},"wordCount":172,"publisher":{"@id":"https:\/\/plazara.eus\/fr\/#organization"},"image":{"@id":"https:\/\/plazara.eus\/fr\/le-role-des-commercants-et-des-clients-dans-la-revitalisation-de-leuskara\/#primaryimage"},"thumbnailUrl":"https:\/\/plazara.eus\/wp-content\/uploads\/2026\/03\/Afixa-Eusko-x-Plazara-Instagram-45.png","articleSection":["Nos services"],"inLanguage":"fr-FR"},{"@type":"WebPage","@id":"https:\/\/plazara.eus\/fr\/le-role-des-commercants-et-des-clients-dans-la-revitalisation-de-leuskara\/","url":"https:\/\/plazara.eus\/fr\/le-role-des-commercants-et-des-clients-dans-la-revitalisation-de-leuskara\/","name":"Le r\u00f4le des commer\u00e7ants (et des clients) dans la revitalisation de l\u2019euskara &#8226; Plazara","isPartOf":{"@id":"https:\/\/plazara.eus\/fr\/#website"},"primaryImageOfPage":{"@id":"https:\/\/plazara.eus\/fr\/le-role-des-commercants-et-des-clients-dans-la-revitalisation-de-leuskara\/#primaryimage"},"image":{"@id":"https:\/\/plazara.eus\/fr\/le-role-des-commercants-et-des-clients-dans-la-revitalisation-de-leuskara\/#primaryimage"},"thumbnailUrl":"https:\/\/plazara.eus\/wp-content\/uploads\/2026\/03\/Afixa-Eusko-x-Plazara-Instagram-45.png","datePublished":"2026-03-19T09:36:26+00:00","dateModified":"2026-03-23T09:59:32+00:00","breadcrumb":{"@id":"https:\/\/plazara.eus\/fr\/le-role-des-commercants-et-des-clients-dans-la-revitalisation-de-leuskara\/#breadcrumb"},"inLanguage":"fr-FR","potentialAction":[{"@type":"ReadAction","target":["https:\/\/plazara.eus\/fr\/le-role-des-commercants-et-des-clients-dans-la-revitalisation-de-leuskara\/"]}]},{"@type":"ImageObject","inLanguage":"fr-FR","@id":"https:\/\/plazara.eus\/fr\/le-role-des-commercants-et-des-clients-dans-la-revitalisation-de-leuskara\/#primaryimage","url":"https:\/\/plazara.eus\/wp-content\/uploads\/2026\/03\/Afixa-Eusko-x-Plazara-Instagram-45.png","contentUrl":"https:\/\/plazara.eus\/wp-content\/uploads\/2026\/03\/Afixa-Eusko-x-Plazara-Instagram-45.png","width":1080,"height":1350},{"@type":"BreadcrumbList","@id":"https:\/\/plazara.eus\/fr\/le-role-des-commercants-et-des-clients-dans-la-revitalisation-de-leuskara\/#breadcrumb","itemListElement":[{"@type":"ListItem","position":1,"name":"Accueil","item":"https:\/\/plazara.eus\/fr\/"},{"@type":"ListItem","position":2,"name":"Le r\u00f4le des commer\u00e7ants (et des clients) dans la revitalisation de l\u2019euskara"}]},{"@type":"WebSite","@id":"https:\/\/plazara.eus\/fr\/#website","url":"https:\/\/plazara.eus\/fr\/","name":"Plazara","description":"Euskara erdigunera","publisher":{"@id":"https:\/\/plazara.eus\/fr\/#organization"},"alternateName":"plzr","potentialAction":[{"@type":"SearchAction","target":{"@type":"EntryPoint","urlTemplate":"https:\/\/plazara.eus\/fr\/?s={search_term_string}"},"query-input":{"@type":"PropertyValueSpecification","valueRequired":true,"valueName":"search_term_string"}}],"inLanguage":"fr-FR"},{"@type":"Organization","@id":"https:\/\/plazara.eus\/fr\/#organization","name":"Plazara","url":"https:\/\/plazara.eus\/fr\/","logo":{"@type":"ImageObject","inLanguage":"fr-FR","@id":"https:\/\/plazara.eus\/fr\/#\/schema\/logo\/image\/","url":"https:\/\/plazara.eus\/wp-content\/uploads\/2023\/09\/logo-plazara-mobile.png","contentUrl":"https:\/\/plazara.eus\/wp-content\/uploads\/2023\/09\/logo-plazara-mobile.png","width":265,"height":90,"caption":"Plazara"},"image":{"@id":"https:\/\/plazara.eus\/fr\/#\/schema\/logo\/image\/"},"sameAs":["https:\/\/www.facebook.com\/plazara.koop","https:\/\/www.instagram.com\/plazara.koop\/"]},{"@type":"Person","@id":"https:\/\/plazara.eus\/fr\/#\/schema\/person\/f654adbfb96fb1dd2a67067248a4d25a","name":"admin","image":{"@type":"ImageObject","inLanguage":"fr-FR","@id":"https:\/\/secure.gravatar.com\/avatar\/10eae57f9d0e64fa4fa966e9ec11974748bd29387a0dfa01a9623967684428bd?s=96&d=mm&r=g","url":"https:\/\/secure.gravatar.com\/avatar\/10eae57f9d0e64fa4fa966e9ec11974748bd29387a0dfa01a9623967684428bd?s=96&d=mm&r=g","contentUrl":"https:\/\/secure.gravatar.com\/avatar\/10eae57f9d0e64fa4fa966e9ec11974748bd29387a0dfa01a9623967684428bd?s=96&d=mm&r=g","caption":"admin"},"sameAs":["https:\/\/plazara.lantegia.io"],"url":"https:\/\/plazara.eus\/fr\/author\/davidsoroheta_2jupt0jj\/"}]}},"_links":{"self":[{"href":"https:\/\/plazara.eus\/fr\/wp-json\/wp\/v2\/posts\/18188","targetHints":{"allow":["GET"]}}],"collection":[{"href":"https:\/\/plazara.eus\/fr\/wp-json\/wp\/v2\/posts"}],"about":[{"href":"https:\/\/plazara.eus\/fr\/wp-json\/wp\/v2\/types\/post"}],"author":[{"embeddable":true,"href":"https:\/\/plazara.eus\/fr\/wp-json\/wp\/v2\/users\/1"}],"replies":[{"embeddable":true,"href":"https:\/\/plazara.eus\/fr\/wp-json\/wp\/v2\/comments?post=18188"}],"version-history":[{"count":8,"href":"https:\/\/plazara.eus\/fr\/wp-json\/wp\/v2\/posts\/18188\/revisions"}],"predecessor-version":[{"id":18214,"href":"https:\/\/plazara.eus\/fr\/wp-json\/wp\/v2\/posts\/18188\/revisions\/18214"}],"wp:featuredmedia":[{"embeddable":true,"href":"https:\/\/plazara.eus\/fr\/wp-json\/wp\/v2\/media\/18168"}],"wp:attachment":[{"href":"https:\/\/plazara.eus\/fr\/wp-json\/wp\/v2\/media?parent=18188"}],"wp:term":[{"taxonomy":"category","embeddable":true,"href":"https:\/\/plazara.eus\/fr\/wp-json\/wp\/v2\/categories?post=18188"},{"taxonomy":"post_tag","embeddable":true,"href":"https:\/\/plazara.eus\/fr\/wp-json\/wp\/v2\/tags?post=18188"}],"curies":[{"name":"wp","href":"https:\/\/api.w.org\/{rel}","templated":true}]}}