{"id":18129,"date":"2026-03-06T14:24:58","date_gmt":"2026-03-06T13:24:58","guid":{"rendered":"https:\/\/plazara.eus\/cosmophonies\/"},"modified":"2026-03-06T14:32:33","modified_gmt":"2026-03-06T13:32:33","slug":"cosmophonies-langues-et-parlers-du-monde","status":"publish","type":"post","link":"https:\/\/plazara.eus\/fr\/cosmophonies-langues-et-parlers-du-monde\/","title":{"rendered":"Cosmophonies : langues et parlers du monde"},"content":{"rendered":"\t\t<div data-elementor-type=\"wp-post\" data-elementor-id=\"18129\" class=\"elementor elementor-18129 elementor-18114\" data-elementor-post-type=\"post\">\n\t\t\t\t<div class=\"elementor-element elementor-element-6a2a85e6 e-flex e-con-boxed e-con e-parent\" data-id=\"6a2a85e6\" data-element_type=\"container\" data-e-type=\"container\">\n\t\t\t\t\t<div class=\"e-con-inner\">\n\t\t\t\t<div class=\"elementor-element elementor-element-41490c3a elementor-widget elementor-widget-text-editor\" data-id=\"41490c3a\" data-element_type=\"widget\" data-e-type=\"widget\" data-widget_type=\"text-editor.default\">\n\t\t\t\t<div class=\"elementor-widget-container\">\n\t\t\t\t\t\t\t\t\t<p>Plazara participe au nouveau temps fort m\u00ealant spectacles, performances, ateliers, conf\u00e9rence, pour explorer et valoriser les langues rares, accents familiers, parlers d\u2019ici et d\u2019ailleurs. Venez entendre ces voix qui racontent, r\u00e9sistent, r\u00e9inventent. Venez \u00e9couter le monde autrement.<\/p>\t\t\t\t\t\t\t\t<\/div>\n\t\t\t\t<\/div>\n\t\t\t\t\t<\/div>\n\t\t\t\t<\/div>\n\t\t<div class=\"elementor-element elementor-element-6cea52ad e-flex e-con-boxed e-con e-parent\" data-id=\"6cea52ad\" data-element_type=\"container\" data-e-type=\"container\">\n\t\t\t\t\t<div class=\"e-con-inner\">\n\t\t\t\t<div class=\"elementor-element elementor-element-51b6f96c elementor-widget elementor-widget-text-editor\" data-id=\"51b6f96c\" data-element_type=\"widget\" data-e-type=\"widget\" data-widget_type=\"text-editor.default\">\n\t\t\t\t<div class=\"elementor-widget-container\">\n\t\t\t\t\t\t\t\t\t<p>Du 8 au 15 mars 2026, le festival \u00ab\u00a0Cosmophonies\u00a0\u00bb propose un nouveau rendez-vous culturel consacr\u00e9 aux langues et aux voix du monde. Organis\u00e9 par la Sc\u00e8ne nationale du Sud-Aquitain, ce temps fort m\u00eale spectacles, performances, rencontres et ateliers pour explorer la richesse des langues minoris\u00e9es, des accents et des parlers d\u2019ici et d\u2019ailleurs. \u00c0 travers des propositions artistiques venues de diff\u00e9rents horizons, le festival invite le public \u00e0 \u00e9couter autrement la diversit\u00e9 linguistique et \u00e0 r\u00e9fl\u00e9chir aux enjeux culturels et politiques li\u00e9s aux langues aujourd\u2019hui.<\/p><p>Dans ce cadre, Plazara proposera \u00e9galement un atelier participatif d\u00e9di\u00e9 aux langues et aux pratiques linguistiques. Cet espace de rencontre et de cr\u00e9ation permettra aux participant\u00b7es d\u2019\u00e9changer autour de leurs exp\u00e9riences, de jouer avec les langues et de r\u00e9fl\u00e9chir collectivement \u00e0 la place qu\u2019elles occupent dans nos vies et dans la soci\u00e9t\u00e9. L\u2019atelier s\u2019inscrit dans l\u2019esprit du festival : faire dialoguer les cultures, les imaginaires et les voix.<\/p><p>Nous invitons toutes les personnes curieuses, locutrices, apprenantes ou simplement sensibles aux questions linguistiques \u00e0 participer \u00e0 ce moment de partage. C\u2019est un v\u00e9ritable plaisir de voir la question des langues abord\u00e9e de fa\u00e7on \u00e0 la fois po\u00e9tique, politique et culturelle, par le biais de l\u2019art et de la rencontre. Les <em>Cosmophonies<\/em> offrent ainsi une occasion pr\u00e9cieuse de c\u00e9l\u00e9brer la diversit\u00e9 linguistique et de faire entendre les voix qui composent notre monde.<\/p>\t\t\t\t\t\t\t\t<\/div>\n\t\t\t\t<\/div>\n\t\t\t\t\t<\/div>\n\t\t\t\t<\/div>\n\t\t<div class=\"elementor-element elementor-element-cbae66d e-flex e-con-boxed e-con e-parent\" data-id=\"cbae66d\" data-element_type=\"container\" data-e-type=\"container\" data-settings=\"{&quot;background_background&quot;:&quot;classic&quot;}\">\n\t\t\t\t\t<div class=\"e-con-inner\">\n\t\t\t\t<div class=\"elementor-element elementor-element-28cc905c elementor-align-center elementor-widget elementor-widget-button\" data-id=\"28cc905c\" data-element_type=\"widget\" data-e-type=\"widget\" data-widget_type=\"button.default\">\n\t\t\t\t<div class=\"elementor-widget-container\">\n\t\t\t\t\t\t\t\t\t<div class=\"elementor-button-wrapper\">\n\t\t\t\t\t<a class=\"elementor-button elementor-button-link elementor-size-sm\" href=\"https:\/\/www.scenenationale.fr\/5eme-scene\/parcours\/cosmophonies%20\" target=\"_blank\">\n\t\t\t\t\t\t<span class=\"elementor-button-content-wrapper\">\n\t\t\t\t\t\t\t\t\t<span class=\"elementor-button-text\">Info+ <\/span>\n\t\t\t\t\t<\/span>\n\t\t\t\t\t<\/a>\n\t\t\t\t<\/div>\n\t\t\t\t\t\t\t\t<\/div>\n\t\t\t\t<\/div>\n\t\t\t\t<div class=\"elementor-element elementor-element-5694552 elementor-align-center elementor-widget elementor-widget-button\" data-id=\"5694552\" data-element_type=\"widget\" data-e-type=\"widget\" data-widget_type=\"button.default\">\n\t\t\t\t<div class=\"elementor-widget-container\">\n\t\t\t\t\t\t\t\t\t<div class=\"elementor-button-wrapper\">\n\t\t\t\t\t<a class=\"elementor-button elementor-button-link elementor-size-sm\" href=\"https:\/\/plazara.eus\/fr\/cosmophonies\/cosmo_mag-avec_compression\/\" target=\"_blank\">\n\t\t\t\t\t\t<span class=\"elementor-button-content-wrapper\">\n\t\t\t\t\t\t<span class=\"elementor-button-icon\">\n\t\t\t\t<svg aria-hidden=\"true\" class=\"e-font-icon-svg e-far-arrow-alt-circle-down\" viewBox=\"0 0 512 512\" xmlns=\"http:\/\/www.w3.org\/2000\/svg\"><path d=\"M256 8C119 8 8 119 8 256s111 248 248 248 248-111 248-248S393 8 256 8zm0 448c-110.5 0-200-89.5-200-200S145.5 56 256 56s200 89.5 200 200-89.5 200-200 200zm-32-316v116h-67c-10.7 0-16 12.9-8.5 20.5l99 99c4.7 4.7 12.3 4.7 17 0l99-99c7.6-7.6 2.2-20.5-8.5-20.5h-67V140c0-6.6-5.4-12-12-12h-40c-6.6 0-12 5.4-12 12z\"><\/path><\/svg>\t\t\t<\/span>\n\t\t\t\t\t\t\t\t\t<span class=\"elementor-button-text\">Programme \u00e0 t\u00e9l\u00e9charger<\/span>\n\t\t\t\t\t<\/span>\n\t\t\t\t\t<\/a>\n\t\t\t\t<\/div>\n\t\t\t\t\t\t\t\t<\/div>\n\t\t\t\t<\/div>\n\t\t\t\t\t<\/div>\n\t\t\t\t<\/div>\n\t\t\t\t<\/div>\n\t\t","protected":false},"excerpt":{"rendered":"<p>Plazara participe au nouveau temps fort m\u00ealant spectacles, performances, ateliers, conf\u00e9rence, pour explorer et valoriser les langues rares, accents familiers, parlers d\u2019ici et d\u2019ailleurs. Venez entendre ces voix qui racontent, r\u00e9sistent, r\u00e9inventent. Venez \u00e9couter le monde autrement. Du 8 au 15 mars 2026, le festival \u00ab\u00a0Cosmophonies\u00a0\u00bb propose un nouveau rendez-vous culturel consacr\u00e9 aux langues et [&hellip;]<\/p>\n","protected":false},"author":1,"featured_media":18120,"comment_status":"closed","ping_status":"closed","sticky":false,"template":"","format":"standard","meta":{"_acf_changed":false,"footnotes":""},"categories":[100],"tags":[],"class_list":["post-18129","post","type-post","status-publish","format-standard","has-post-thumbnail","hentry","category-vie-de-plazara"],"acf":[],"yoast_head":"<!-- This site is optimized with the Yoast SEO plugin v27.4 - https:\/\/yoast.com\/product\/yoast-seo-wordpress\/ -->\n<title>Cosmophonies : langues et parlers du monde &#8226; Plazara<\/title>\n<meta name=\"robots\" content=\"index, follow, max-snippet:-1, max-image-preview:large, max-video-preview:-1\" \/>\n<link rel=\"canonical\" href=\"https:\/\/plazara.eus\/fr\/cosmophonies-langues-et-parlers-du-monde\/\" \/>\n<meta property=\"og:locale\" content=\"fr_FR\" \/>\n<meta property=\"og:type\" content=\"article\" \/>\n<meta property=\"og:title\" content=\"Cosmophonies : langues et parlers du monde &#8226; Plazara\" \/>\n<meta property=\"og:description\" content=\"Plazara participe au nouveau temps fort m\u00ealant spectacles, performances, ateliers, conf\u00e9rence, pour explorer et valoriser les langues rares, accents familiers, parlers d\u2019ici et d\u2019ailleurs. Venez entendre ces voix qui racontent, r\u00e9sistent, r\u00e9inventent. Venez \u00e9couter le monde autrement. Du 8 au 15 mars 2026, le festival \u00ab\u00a0Cosmophonies\u00a0\u00bb propose un nouveau rendez-vous culturel consacr\u00e9 aux langues et [&hellip;]\" \/>\n<meta property=\"og:url\" content=\"https:\/\/plazara.eus\/fr\/cosmophonies-langues-et-parlers-du-monde\/\" \/>\n<meta property=\"og:site_name\" content=\"Plazara\" \/>\n<meta property=\"article:publisher\" content=\"https:\/\/www.facebook.com\/plazara.koop\" \/>\n<meta property=\"article:published_time\" content=\"2026-03-06T13:24:58+00:00\" \/>\n<meta property=\"article:modified_time\" content=\"2026-03-06T13:32:33+00:00\" \/>\n<meta property=\"og:image\" content=\"https:\/\/plazara.eus\/wp-content\/uploads\/2026\/03\/plazara-les-cosmophonies.jpg\" \/>\n\t<meta property=\"og:image:width\" content=\"1280\" \/>\n\t<meta property=\"og:image:height\" content=\"720\" \/>\n\t<meta property=\"og:image:type\" content=\"image\/jpeg\" \/>\n<meta name=\"author\" content=\"admin\" \/>\n<meta name=\"twitter:card\" content=\"summary_large_image\" \/>\n<meta name=\"twitter:label1\" content=\"\u00c9crit par\" \/>\n\t<meta name=\"twitter:data1\" content=\"admin\" \/>\n\t<meta name=\"twitter:label2\" content=\"Dur\u00e9e de lecture estim\u00e9e\" \/>\n\t<meta name=\"twitter:data2\" content=\"2 minutes\" \/>\n<script type=\"application\/ld+json\" class=\"yoast-schema-graph\">{\"@context\":\"https:\\\/\\\/schema.org\",\"@graph\":[{\"@type\":\"Article\",\"@id\":\"https:\\\/\\\/plazara.eus\\\/fr\\\/cosmophonies-langues-et-parlers-du-monde\\\/#article\",\"isPartOf\":{\"@id\":\"https:\\\/\\\/plazara.eus\\\/fr\\\/cosmophonies-langues-et-parlers-du-monde\\\/\"},\"author\":{\"name\":\"admin\",\"@id\":\"https:\\\/\\\/plazara.eus\\\/fr\\\/#\\\/schema\\\/person\\\/f654adbfb96fb1dd2a67067248a4d25a\"},\"headline\":\"Cosmophonies : langues et parlers du monde\",\"datePublished\":\"2026-03-06T13:24:58+00:00\",\"dateModified\":\"2026-03-06T13:32:33+00:00\",\"mainEntityOfPage\":{\"@id\":\"https:\\\/\\\/plazara.eus\\\/fr\\\/cosmophonies-langues-et-parlers-du-monde\\\/\"},\"wordCount\":299,\"publisher\":{\"@id\":\"https:\\\/\\\/plazara.eus\\\/fr\\\/#organization\"},\"image\":{\"@id\":\"https:\\\/\\\/plazara.eus\\\/fr\\\/cosmophonies-langues-et-parlers-du-monde\\\/#primaryimage\"},\"thumbnailUrl\":\"https:\\\/\\\/plazara.eus\\\/wp-content\\\/uploads\\\/2026\\\/03\\\/plazara-les-cosmophonies.jpg\",\"articleSection\":[\"Vie de Plazara\"],\"inLanguage\":\"fr-FR\"},{\"@type\":\"WebPage\",\"@id\":\"https:\\\/\\\/plazara.eus\\\/fr\\\/cosmophonies-langues-et-parlers-du-monde\\\/\",\"url\":\"https:\\\/\\\/plazara.eus\\\/fr\\\/cosmophonies-langues-et-parlers-du-monde\\\/\",\"name\":\"Cosmophonies : langues et parlers du monde &#8226; Plazara\",\"isPartOf\":{\"@id\":\"https:\\\/\\\/plazara.eus\\\/fr\\\/#website\"},\"primaryImageOfPage\":{\"@id\":\"https:\\\/\\\/plazara.eus\\\/fr\\\/cosmophonies-langues-et-parlers-du-monde\\\/#primaryimage\"},\"image\":{\"@id\":\"https:\\\/\\\/plazara.eus\\\/fr\\\/cosmophonies-langues-et-parlers-du-monde\\\/#primaryimage\"},\"thumbnailUrl\":\"https:\\\/\\\/plazara.eus\\\/wp-content\\\/uploads\\\/2026\\\/03\\\/plazara-les-cosmophonies.jpg\",\"datePublished\":\"2026-03-06T13:24:58+00:00\",\"dateModified\":\"2026-03-06T13:32:33+00:00\",\"breadcrumb\":{\"@id\":\"https:\\\/\\\/plazara.eus\\\/fr\\\/cosmophonies-langues-et-parlers-du-monde\\\/#breadcrumb\"},\"inLanguage\":\"fr-FR\",\"potentialAction\":[{\"@type\":\"ReadAction\",\"target\":[\"https:\\\/\\\/plazara.eus\\\/fr\\\/cosmophonies-langues-et-parlers-du-monde\\\/\"]}]},{\"@type\":\"ImageObject\",\"inLanguage\":\"fr-FR\",\"@id\":\"https:\\\/\\\/plazara.eus\\\/fr\\\/cosmophonies-langues-et-parlers-du-monde\\\/#primaryimage\",\"url\":\"https:\\\/\\\/plazara.eus\\\/wp-content\\\/uploads\\\/2026\\\/03\\\/plazara-les-cosmophonies.jpg\",\"contentUrl\":\"https:\\\/\\\/plazara.eus\\\/wp-content\\\/uploads\\\/2026\\\/03\\\/plazara-les-cosmophonies.jpg\",\"width\":1280,\"height\":720},{\"@type\":\"BreadcrumbList\",\"@id\":\"https:\\\/\\\/plazara.eus\\\/fr\\\/cosmophonies-langues-et-parlers-du-monde\\\/#breadcrumb\",\"itemListElement\":[{\"@type\":\"ListItem\",\"position\":1,\"name\":\"Accueil\",\"item\":\"https:\\\/\\\/plazara.eus\\\/fr\\\/\"},{\"@type\":\"ListItem\",\"position\":2,\"name\":\"Cosmophonies : langues et parlers du monde\"}]},{\"@type\":\"WebSite\",\"@id\":\"https:\\\/\\\/plazara.eus\\\/fr\\\/#website\",\"url\":\"https:\\\/\\\/plazara.eus\\\/fr\\\/\",\"name\":\"Plazara\",\"description\":\"Euskara erdigunera\",\"publisher\":{\"@id\":\"https:\\\/\\\/plazara.eus\\\/fr\\\/#organization\"},\"alternateName\":\"plzr\",\"potentialAction\":[{\"@type\":\"SearchAction\",\"target\":{\"@type\":\"EntryPoint\",\"urlTemplate\":\"https:\\\/\\\/plazara.eus\\\/fr\\\/?s={search_term_string}\"},\"query-input\":{\"@type\":\"PropertyValueSpecification\",\"valueRequired\":true,\"valueName\":\"search_term_string\"}}],\"inLanguage\":\"fr-FR\"},{\"@type\":\"Organization\",\"@id\":\"https:\\\/\\\/plazara.eus\\\/fr\\\/#organization\",\"name\":\"Plazara\",\"url\":\"https:\\\/\\\/plazara.eus\\\/fr\\\/\",\"logo\":{\"@type\":\"ImageObject\",\"inLanguage\":\"fr-FR\",\"@id\":\"https:\\\/\\\/plazara.eus\\\/fr\\\/#\\\/schema\\\/logo\\\/image\\\/\",\"url\":\"https:\\\/\\\/plazara.eus\\\/wp-content\\\/uploads\\\/2023\\\/09\\\/logo-plazara-mobile.png\",\"contentUrl\":\"https:\\\/\\\/plazara.eus\\\/wp-content\\\/uploads\\\/2023\\\/09\\\/logo-plazara-mobile.png\",\"width\":265,\"height\":90,\"caption\":\"Plazara\"},\"image\":{\"@id\":\"https:\\\/\\\/plazara.eus\\\/fr\\\/#\\\/schema\\\/logo\\\/image\\\/\"},\"sameAs\":[\"https:\\\/\\\/www.facebook.com\\\/plazara.koop\",\"https:\\\/\\\/www.instagram.com\\\/plazara.koop\\\/\"]},{\"@type\":\"Person\",\"@id\":\"https:\\\/\\\/plazara.eus\\\/fr\\\/#\\\/schema\\\/person\\\/f654adbfb96fb1dd2a67067248a4d25a\",\"name\":\"admin\",\"image\":{\"@type\":\"ImageObject\",\"inLanguage\":\"fr-FR\",\"@id\":\"https:\\\/\\\/secure.gravatar.com\\\/avatar\\\/10eae57f9d0e64fa4fa966e9ec11974748bd29387a0dfa01a9623967684428bd?s=96&d=mm&r=g\",\"url\":\"https:\\\/\\\/secure.gravatar.com\\\/avatar\\\/10eae57f9d0e64fa4fa966e9ec11974748bd29387a0dfa01a9623967684428bd?s=96&d=mm&r=g\",\"contentUrl\":\"https:\\\/\\\/secure.gravatar.com\\\/avatar\\\/10eae57f9d0e64fa4fa966e9ec11974748bd29387a0dfa01a9623967684428bd?s=96&d=mm&r=g\",\"caption\":\"admin\"},\"sameAs\":[\"https:\\\/\\\/plazara.lantegia.io\"],\"url\":\"https:\\\/\\\/plazara.eus\\\/fr\\\/author\\\/davidsoroheta_2jupt0jj\\\/\"}]}<\/script>\n<!-- \/ Yoast SEO plugin. -->","yoast_head_json":{"title":"Cosmophonies : langues et parlers du monde &#8226; Plazara","robots":{"index":"index","follow":"follow","max-snippet":"max-snippet:-1","max-image-preview":"max-image-preview:large","max-video-preview":"max-video-preview:-1"},"canonical":"https:\/\/plazara.eus\/fr\/cosmophonies-langues-et-parlers-du-monde\/","og_locale":"fr_FR","og_type":"article","og_title":"Cosmophonies : langues et parlers du monde &#8226; Plazara","og_description":"Plazara participe au nouveau temps fort m\u00ealant spectacles, performances, ateliers, conf\u00e9rence, pour explorer et valoriser les langues rares, accents familiers, parlers d\u2019ici et d\u2019ailleurs. Venez entendre ces voix qui racontent, r\u00e9sistent, r\u00e9inventent. Venez \u00e9couter le monde autrement. Du 8 au 15 mars 2026, le festival \u00ab\u00a0Cosmophonies\u00a0\u00bb propose un nouveau rendez-vous culturel consacr\u00e9 aux langues et [&hellip;]","og_url":"https:\/\/plazara.eus\/fr\/cosmophonies-langues-et-parlers-du-monde\/","og_site_name":"Plazara","article_publisher":"https:\/\/www.facebook.com\/plazara.koop","article_published_time":"2026-03-06T13:24:58+00:00","article_modified_time":"2026-03-06T13:32:33+00:00","og_image":[{"width":1280,"height":720,"url":"https:\/\/plazara.eus\/wp-content\/uploads\/2026\/03\/plazara-les-cosmophonies.jpg","type":"image\/jpeg"}],"author":"admin","twitter_card":"summary_large_image","twitter_misc":{"\u00c9crit par":"admin","Dur\u00e9e de lecture estim\u00e9e":"2 minutes"},"schema":{"@context":"https:\/\/schema.org","@graph":[{"@type":"Article","@id":"https:\/\/plazara.eus\/fr\/cosmophonies-langues-et-parlers-du-monde\/#article","isPartOf":{"@id":"https:\/\/plazara.eus\/fr\/cosmophonies-langues-et-parlers-du-monde\/"},"author":{"name":"admin","@id":"https:\/\/plazara.eus\/fr\/#\/schema\/person\/f654adbfb96fb1dd2a67067248a4d25a"},"headline":"Cosmophonies : langues et parlers du monde","datePublished":"2026-03-06T13:24:58+00:00","dateModified":"2026-03-06T13:32:33+00:00","mainEntityOfPage":{"@id":"https:\/\/plazara.eus\/fr\/cosmophonies-langues-et-parlers-du-monde\/"},"wordCount":299,"publisher":{"@id":"https:\/\/plazara.eus\/fr\/#organization"},"image":{"@id":"https:\/\/plazara.eus\/fr\/cosmophonies-langues-et-parlers-du-monde\/#primaryimage"},"thumbnailUrl":"https:\/\/plazara.eus\/wp-content\/uploads\/2026\/03\/plazara-les-cosmophonies.jpg","articleSection":["Vie de Plazara"],"inLanguage":"fr-FR"},{"@type":"WebPage","@id":"https:\/\/plazara.eus\/fr\/cosmophonies-langues-et-parlers-du-monde\/","url":"https:\/\/plazara.eus\/fr\/cosmophonies-langues-et-parlers-du-monde\/","name":"Cosmophonies : langues et parlers du monde &#8226; Plazara","isPartOf":{"@id":"https:\/\/plazara.eus\/fr\/#website"},"primaryImageOfPage":{"@id":"https:\/\/plazara.eus\/fr\/cosmophonies-langues-et-parlers-du-monde\/#primaryimage"},"image":{"@id":"https:\/\/plazara.eus\/fr\/cosmophonies-langues-et-parlers-du-monde\/#primaryimage"},"thumbnailUrl":"https:\/\/plazara.eus\/wp-content\/uploads\/2026\/03\/plazara-les-cosmophonies.jpg","datePublished":"2026-03-06T13:24:58+00:00","dateModified":"2026-03-06T13:32:33+00:00","breadcrumb":{"@id":"https:\/\/plazara.eus\/fr\/cosmophonies-langues-et-parlers-du-monde\/#breadcrumb"},"inLanguage":"fr-FR","potentialAction":[{"@type":"ReadAction","target":["https:\/\/plazara.eus\/fr\/cosmophonies-langues-et-parlers-du-monde\/"]}]},{"@type":"ImageObject","inLanguage":"fr-FR","@id":"https:\/\/plazara.eus\/fr\/cosmophonies-langues-et-parlers-du-monde\/#primaryimage","url":"https:\/\/plazara.eus\/wp-content\/uploads\/2026\/03\/plazara-les-cosmophonies.jpg","contentUrl":"https:\/\/plazara.eus\/wp-content\/uploads\/2026\/03\/plazara-les-cosmophonies.jpg","width":1280,"height":720},{"@type":"BreadcrumbList","@id":"https:\/\/plazara.eus\/fr\/cosmophonies-langues-et-parlers-du-monde\/#breadcrumb","itemListElement":[{"@type":"ListItem","position":1,"name":"Accueil","item":"https:\/\/plazara.eus\/fr\/"},{"@type":"ListItem","position":2,"name":"Cosmophonies : langues et parlers du monde"}]},{"@type":"WebSite","@id":"https:\/\/plazara.eus\/fr\/#website","url":"https:\/\/plazara.eus\/fr\/","name":"Plazara","description":"Euskara erdigunera","publisher":{"@id":"https:\/\/plazara.eus\/fr\/#organization"},"alternateName":"plzr","potentialAction":[{"@type":"SearchAction","target":{"@type":"EntryPoint","urlTemplate":"https:\/\/plazara.eus\/fr\/?s={search_term_string}"},"query-input":{"@type":"PropertyValueSpecification","valueRequired":true,"valueName":"search_term_string"}}],"inLanguage":"fr-FR"},{"@type":"Organization","@id":"https:\/\/plazara.eus\/fr\/#organization","name":"Plazara","url":"https:\/\/plazara.eus\/fr\/","logo":{"@type":"ImageObject","inLanguage":"fr-FR","@id":"https:\/\/plazara.eus\/fr\/#\/schema\/logo\/image\/","url":"https:\/\/plazara.eus\/wp-content\/uploads\/2023\/09\/logo-plazara-mobile.png","contentUrl":"https:\/\/plazara.eus\/wp-content\/uploads\/2023\/09\/logo-plazara-mobile.png","width":265,"height":90,"caption":"Plazara"},"image":{"@id":"https:\/\/plazara.eus\/fr\/#\/schema\/logo\/image\/"},"sameAs":["https:\/\/www.facebook.com\/plazara.koop","https:\/\/www.instagram.com\/plazara.koop\/"]},{"@type":"Person","@id":"https:\/\/plazara.eus\/fr\/#\/schema\/person\/f654adbfb96fb1dd2a67067248a4d25a","name":"admin","image":{"@type":"ImageObject","inLanguage":"fr-FR","@id":"https:\/\/secure.gravatar.com\/avatar\/10eae57f9d0e64fa4fa966e9ec11974748bd29387a0dfa01a9623967684428bd?s=96&d=mm&r=g","url":"https:\/\/secure.gravatar.com\/avatar\/10eae57f9d0e64fa4fa966e9ec11974748bd29387a0dfa01a9623967684428bd?s=96&d=mm&r=g","contentUrl":"https:\/\/secure.gravatar.com\/avatar\/10eae57f9d0e64fa4fa966e9ec11974748bd29387a0dfa01a9623967684428bd?s=96&d=mm&r=g","caption":"admin"},"sameAs":["https:\/\/plazara.lantegia.io"],"url":"https:\/\/plazara.eus\/fr\/author\/davidsoroheta_2jupt0jj\/"}]}},"_links":{"self":[{"href":"https:\/\/plazara.eus\/fr\/wp-json\/wp\/v2\/posts\/18129","targetHints":{"allow":["GET"]}}],"collection":[{"href":"https:\/\/plazara.eus\/fr\/wp-json\/wp\/v2\/posts"}],"about":[{"href":"https:\/\/plazara.eus\/fr\/wp-json\/wp\/v2\/types\/post"}],"author":[{"embeddable":true,"href":"https:\/\/plazara.eus\/fr\/wp-json\/wp\/v2\/users\/1"}],"replies":[{"embeddable":true,"href":"https:\/\/plazara.eus\/fr\/wp-json\/wp\/v2\/comments?post=18129"}],"version-history":[{"count":8,"href":"https:\/\/plazara.eus\/fr\/wp-json\/wp\/v2\/posts\/18129\/revisions"}],"predecessor-version":[{"id":18138,"href":"https:\/\/plazara.eus\/fr\/wp-json\/wp\/v2\/posts\/18129\/revisions\/18138"}],"wp:featuredmedia":[{"embeddable":true,"href":"https:\/\/plazara.eus\/fr\/wp-json\/wp\/v2\/media\/18120"}],"wp:attachment":[{"href":"https:\/\/plazara.eus\/fr\/wp-json\/wp\/v2\/media?parent=18129"}],"wp:term":[{"taxonomy":"category","embeddable":true,"href":"https:\/\/plazara.eus\/fr\/wp-json\/wp\/v2\/categories?post=18129"},{"taxonomy":"post_tag","embeddable":true,"href":"https:\/\/plazara.eus\/fr\/wp-json\/wp\/v2\/tags?post=18129"}],"curies":[{"name":"wp","href":"https:\/\/api.w.org\/{rel}","templated":true}]}}