{"id":17693,"date":"2026-01-09T10:57:15","date_gmt":"2026-01-09T09:57:15","guid":{"rendered":"https:\/\/plazara.eus\/bigarren-edizioa-aurkeztu-dugu\/"},"modified":"2026-01-09T12:06:59","modified_gmt":"2026-01-09T11:06:59","slug":"cest-parti-pour-une-nouvelle-annee","status":"publish","type":"post","link":"https:\/\/plazara.eus\/fr\/cest-parti-pour-une-nouvelle-annee\/","title":{"rendered":"C\u2019est parti pour une nouvelle ann\u00e9e !"},"content":{"rendered":"\t\t<div data-elementor-type=\"wp-post\" data-elementor-id=\"17693\" class=\"elementor elementor-17693 elementor-17639\" data-elementor-post-type=\"post\">\n\t\t\t\t<div class=\"elementor-element elementor-element-3496bae0 e-flex e-con-boxed e-con e-parent\" data-id=\"3496bae0\" data-element_type=\"container\" data-e-type=\"container\">\n\t\t\t\t\t<div class=\"e-con-inner\">\n\t\t\t\t<div class=\"elementor-element elementor-element-1824c717 elementor-widget elementor-widget-text-editor\" data-id=\"1824c717\" data-element_type=\"widget\" data-e-type=\"widget\" data-widget_type=\"text-editor.default\">\n\t\t\t\t<div class=\"elementor-widget-container\">\n\t\t\t\t\t\t\t\t\t<p>Pour bien commencer l\u2019ann\u00e9e, nous avons pr\u00e9sent\u00e9 les nouveaut\u00e9s du s\u00e9jour linguistique et itin\u00e9rant <strong>Familia egonaldia<\/strong>, aux c\u00f4t\u00e9s de nos partenaires <strong>AEK, UDA LEKU, DINDAIA et EBETE<\/strong>. Des repr\u00e9sentant\u00b7e\u00b7s des institutions qui soutiennent le projet \u00e9taient \u00e9galement pr\u00e9sent\u00b7e\u00b7s.<\/p><p>Les conf\u00e9rences de presse ne sont pas toujours un exercice simple\u2026 mais certaines laissent un go\u00fbt particuli\u00e8rement agr\u00e9able. Celle du <strong>9 janvier<\/strong> en fait clairement partie.<\/p><p>\u00c0 travers cet article, nous ne souhaitons pas vous pr\u00e9senter <em>Familia egonaldia<\/em> en tant que tel, mais plut\u00f4t mettre en lumi\u00e8re le <strong>travail de l\u2019ombre<\/strong> n\u00e9cessaire \u00e0 la mise en place d\u2019un projet de cette envergure. Car derri\u00e8re chaque initiative publique se cache une aventure humaine et collective passionnante.<\/p>\t\t\t\t\t\t\t\t<\/div>\n\t\t\t\t<\/div>\n\t\t\t\t\t<\/div>\n\t\t\t\t<\/div>\n\t\t<div class=\"elementor-element elementor-element-354efddb e-flex e-con-boxed e-con e-parent\" data-id=\"354efddb\" data-element_type=\"container\" data-e-type=\"container\">\n\t\t\t\t\t<div class=\"e-con-inner\">\n\t\t\t\t<div class=\"elementor-element elementor-element-48046a8 elementor-widget elementor-widget-button\" data-id=\"48046a8\" data-element_type=\"widget\" data-e-type=\"widget\" data-widget_type=\"button.default\">\n\t\t\t\t<div class=\"elementor-widget-container\">\n\t\t\t\t\t\t\t\t\t<div class=\"elementor-button-wrapper\">\n\t\t\t\t\t<a class=\"elementor-button elementor-button-link elementor-size-sm\" href=\"https:\/\/plazara.eus\/fr\/familia-egonaldia\/\">\n\t\t\t\t\t\t<span class=\"elementor-button-content-wrapper\">\n\t\t\t\t\t\t\t\t\t<span class=\"elementor-button-text\">Pour en savoir plus sur le s\u00e9jour<\/span>\n\t\t\t\t\t<\/span>\n\t\t\t\t\t<\/a>\n\t\t\t\t<\/div>\n\t\t\t\t\t\t\t\t<\/div>\n\t\t\t\t<\/div>\n\t\t\t\t<div class=\"elementor-element elementor-element-4d874b76 elementor-widget elementor-widget-text-editor\" data-id=\"4d874b76\" data-element_type=\"widget\" data-e-type=\"widget\" data-widget_type=\"text-editor.default\">\n\t\t\t\t<div class=\"elementor-widget-container\">\n\t\t\t\t\t\t\t\t\t<h2><strong>Apprendre les un\u00b7e\u00b7s des autres<\/strong><\/h2><p>Pour imaginer et concr\u00e9tiser des projets un peu fous, mieux vaut \u00eatre bien entour\u00e9\u00b7e. C\u2019est exactement le cas pour l\u2019organisation du s\u00e9jour familles. Ici, le s\u00e9rieux du travail n\u2019emp\u00eache ni l\u2019humour ni la bonne ambiance, et c\u2019est un v\u00e9ritable plaisir de collaborer avec des personnes venues des quatre coins du Pays Basque.<\/p><p>Chacun\u00b7e apporte son expertise : sociolinguistique, apprentissage du basque pour adultes, loisirs, gestion de projets\u2026 En combinant ces comp\u00e9tences et en construisant ensemble chaque \u00e9tape, nous avons donn\u00e9 vie \u00e0 <em>Familia egonaldia<\/em>.<\/p>\t\t\t\t\t\t\t\t<\/div>\n\t\t\t\t<\/div>\n\t\t\t\t<div class=\"elementor-element elementor-element-5b8c7b6 elementor-widget elementor-widget-text-editor\" data-id=\"5b8c7b6\" data-element_type=\"widget\" data-e-type=\"widget\" data-widget_type=\"text-editor.default\">\n\t\t\t\t<div class=\"elementor-widget-container\">\n\t\t\t\t\t\t\t\t\t<h2><strong>Un soutien indispensable<\/strong><\/h2><p>Chaque ann\u00e9e, ce projet n\u00e9cessite 12 \u00e0 15 r\u00e9unions en pr\u00e9sentiel. \u00c0 chaque fois, une dizaine de personnes se retrouvent pour des sessions de travail de <strong>3 \u00e0 4 heures<\/strong> : recherche d\u2019h\u00e9bergements, d\u00e9finition des activit\u00e9s, organisation des transports, validation des textes, cr\u00e9ation de liens\u2026<br \/><br \/><\/p><p>Il y a encore deux ans, nous ne nous connaissions pas. Aujourd\u2019hui, une v\u00e9ritable complicit\u00e9 s\u2019est cr\u00e9\u00e9e. C\u2019est aussi pour cela que nous aimons nous engager dans le monde de l\u2019<strong>euskalgintza<\/strong> : quel bonheur de cheminer aux c\u00f4t\u00e9s de personnes qui partagent le r\u00eave d\u2019un monde meilleur.<\/p><p>Mais concevoir de beaux projets avec une bande de r\u00eaveur\u00b7euse\u00b7s ne suffit pas. Nous avons \u00e9galement eu la chance de croiser la route d\u2019institutions qui croient en <em>Familia egonaldia<\/em>. Leur <strong>soutien \u00e9conomique et moral<\/strong> a \u00e9t\u00e9 d\u00e9terminant pour transformer un projet \u00e9crit sur le papier en r\u00e9alit\u00e9.<\/p><p>Un immense merci aux <strong>fonds europ\u00e9ens POCTEFA<\/strong>, \u00e0 <strong>l\u2019Euror\u00e9gion<\/strong>, au <strong>Gouvernement de Navarre<\/strong>, \u00e0 la <strong>D\u00e9putation Forale de Gipuzkoa<\/strong> et \u00e0 <strong>l\u2019Institut Culturel Basque<\/strong>.<\/p>\t\t\t\t\t\t\t\t<\/div>\n\t\t\t\t<\/div>\n\t\t\t\t\t<\/div>\n\t\t\t\t<\/div>\n\t\t<div class=\"elementor-element elementor-element-914431b e-flex e-con-boxed e-con e-parent\" data-id=\"914431b\" data-element_type=\"container\" data-e-type=\"container\">\n\t\t\t\t\t<div class=\"e-con-inner\">\n\t\t\t\t<div class=\"elementor-element elementor-element-c13d9a9 elementor-widget elementor-widget-button\" data-id=\"c13d9a9\" data-element_type=\"widget\" data-e-type=\"widget\" data-widget_type=\"button.default\">\n\t\t\t\t<div class=\"elementor-widget-container\">\n\t\t\t\t\t\t\t\t\t<div class=\"elementor-button-wrapper\">\n\t\t\t\t\t<a class=\"elementor-button elementor-button-link elementor-size-sm\" href=\"https:\/\/plazara.eus\/wp-content\/uploads\/2026\/01\/2026-01-09-FAMILIA-EGONALDIA-Prentsa-oharra.pdf\" target=\"_blank\">\n\t\t\t\t\t\t<span class=\"elementor-button-content-wrapper\">\n\t\t\t\t\t\t\t\t\t<span class=\"elementor-button-text\">Prentsa oharra<\/span>\n\t\t\t\t\t<\/span>\n\t\t\t\t\t<\/a>\n\t\t\t\t<\/div>\n\t\t\t\t\t\t\t\t<\/div>\n\t\t\t\t<\/div>\n\t\t\t\t<div class=\"elementor-element elementor-element-a669133 elementor-widget elementor-widget-button\" data-id=\"a669133\" data-element_type=\"widget\" data-e-type=\"widget\" data-widget_type=\"button.default\">\n\t\t\t\t<div class=\"elementor-widget-container\">\n\t\t\t\t\t\t\t\t\t<div class=\"elementor-button-wrapper\">\n\t\t\t\t\t<a class=\"elementor-button elementor-button-link elementor-size-sm\" href=\"https:\/\/plazara.eus\/wp-content\/uploads\/2026\/01\/2026-01-09-FAMILIA-EGONALDIA-Communiquee-presse.pdf\" target=\"_blank\">\n\t\t\t\t\t\t<span class=\"elementor-button-content-wrapper\">\n\t\t\t\t\t\t\t\t\t<span class=\"elementor-button-text\">Communiqu\u00e9 presse<\/span>\n\t\t\t\t\t<\/span>\n\t\t\t\t\t<\/a>\n\t\t\t\t<\/div>\n\t\t\t\t\t\t\t\t<\/div>\n\t\t\t\t<\/div>\n\t\t\t\t<div class=\"elementor-element elementor-element-3383cce elementor-widget elementor-widget-button\" data-id=\"3383cce\" data-element_type=\"widget\" data-e-type=\"widget\" data-widget_type=\"button.default\">\n\t\t\t\t<div class=\"elementor-widget-container\">\n\t\t\t\t\t\t\t\t\t<div class=\"elementor-button-wrapper\">\n\t\t\t\t\t<a class=\"elementor-button elementor-button-link elementor-size-sm\" href=\"https:\/\/plazara.eus\/wp-content\/uploads\/2026\/01\/2026-01-09-FAMILIA-EGONALDIA-Comunicado-de-prensa.pdf\" target=\"_blank\">\n\t\t\t\t\t\t<span class=\"elementor-button-content-wrapper\">\n\t\t\t\t\t\t\t\t\t<span class=\"elementor-button-text\">Comunicado de prensa<\/span>\n\t\t\t\t\t<\/span>\n\t\t\t\t\t<\/a>\n\t\t\t\t<\/div>\n\t\t\t\t\t\t\t\t<\/div>\n\t\t\t\t<\/div>\n\t\t\t\t\t<\/div>\n\t\t\t\t<\/div>\n\t\t<div class=\"elementor-element elementor-element-3b1081e3 e-flex e-con-boxed e-con e-parent\" data-id=\"3b1081e3\" data-element_type=\"container\" data-e-type=\"container\">\n\t\t\t\t\t<div class=\"e-con-inner\">\n\t\t\t\t<div class=\"elementor-element elementor-element-2cd4502f elementor-widget elementor-widget-gallery\" data-id=\"2cd4502f\" data-element_type=\"widget\" data-e-type=\"widget\" data-settings=\"{&quot;gap&quot;:{&quot;unit&quot;:&quot;px&quot;,&quot;size&quot;:30,&quot;sizes&quot;:[]},&quot;aspect_ratio&quot;:&quot;1:1&quot;,&quot;lazyload&quot;:&quot;yes&quot;,&quot;gallery_layout&quot;:&quot;grid&quot;,&quot;columns&quot;:4,&quot;columns_tablet&quot;:2,&quot;columns_mobile&quot;:1,&quot;gap_tablet&quot;:{&quot;unit&quot;:&quot;px&quot;,&quot;size&quot;:10,&quot;sizes&quot;:[]},&quot;gap_mobile&quot;:{&quot;unit&quot;:&quot;px&quot;,&quot;size&quot;:10,&quot;sizes&quot;:[]},&quot;link_to&quot;:&quot;file&quot;,&quot;overlay_background&quot;:&quot;yes&quot;,&quot;content_hover_animation&quot;:&quot;fade-in&quot;}\" data-widget_type=\"gallery.default\">\n\t\t\t\t<div class=\"elementor-widget-container\">\n\t\t\t\t\t\t\t<div class=\"elementor-gallery__container\">\n\t\t\t\t\t\t\t<a class=\"e-gallery-item elementor-gallery-item elementor-animated-content\" href=\"https:\/\/plazara.eus\/wp-content\/uploads\/2026\/01\/plazara-familia-egonaldia-prentsaurrekoa2.jpeg\" data-elementor-open-lightbox=\"yes\" data-elementor-lightbox-slideshow=\"2cd4502f\" data-elementor-lightbox-title=\"plazara-familia egonaldia-prentsaurrekoa2\" data-e-action-hash=\"#elementor-action%3Aaction%3Dlightbox%26settings%3DeyJpZCI6MTc2NTMsInVybCI6Imh0dHBzOlwvXC9wbGF6YXJhLmV1c1wvd3AtY29udGVudFwvdXBsb2Fkc1wvMjAyNlwvMDFcL3BsYXphcmEtZmFtaWxpYS1lZ29uYWxkaWEtcHJlbnRzYXVycmVrb2EyLmpwZWciLCJzbGlkZXNob3ciOiIyY2Q0NTAyZiJ9\">\n\t\t\t\t\t<div class=\"e-gallery-image elementor-gallery-item__image\" data-thumbnail=\"https:\/\/plazara.eus\/wp-content\/uploads\/2026\/01\/plazara-familia-egonaldia-prentsaurrekoa2.jpeg\" data-width=\"1600\" data-height=\"1200\" aria-label=\"\" role=\"img\" ><\/div>\n\t\t\t\t\t\t\t\t\t\t\t<div class=\"elementor-gallery-item__overlay\"><\/div>\n\t\t\t\t\t\t\t\t\t\t\t\t\t\t<\/a>\n\t\t\t\t\t\t\t<a class=\"e-gallery-item elementor-gallery-item elementor-animated-content\" href=\"https:\/\/plazara.eus\/wp-content\/uploads\/2026\/01\/plazara-familia-egonaldia-prentsaurrekoa3.jpeg\" data-elementor-open-lightbox=\"yes\" data-elementor-lightbox-slideshow=\"2cd4502f\" data-elementor-lightbox-title=\"plazara-familia egonaldia-prentsaurrekoa3\" data-e-action-hash=\"#elementor-action%3Aaction%3Dlightbox%26settings%3DeyJpZCI6MTc2NTUsInVybCI6Imh0dHBzOlwvXC9wbGF6YXJhLmV1c1wvd3AtY29udGVudFwvdXBsb2Fkc1wvMjAyNlwvMDFcL3BsYXphcmEtZmFtaWxpYS1lZ29uYWxkaWEtcHJlbnRzYXVycmVrb2EzLmpwZWciLCJzbGlkZXNob3ciOiIyY2Q0NTAyZiJ9\">\n\t\t\t\t\t<div class=\"e-gallery-image elementor-gallery-item__image\" data-thumbnail=\"https:\/\/plazara.eus\/wp-content\/uploads\/2026\/01\/plazara-familia-egonaldia-prentsaurrekoa3.jpeg\" data-width=\"1600\" data-height=\"1069\" aria-label=\"\" role=\"img\" ><\/div>\n\t\t\t\t\t\t\t\t\t\t\t<div class=\"elementor-gallery-item__overlay\"><\/div>\n\t\t\t\t\t\t\t\t\t\t\t\t\t\t<\/a>\n\t\t\t\t\t\t\t<a class=\"e-gallery-item elementor-gallery-item elementor-animated-content\" href=\"https:\/\/plazara.eus\/wp-content\/uploads\/2026\/01\/plazara-familia-egonaldia-prentsaurrekoa4.jpeg\" data-elementor-open-lightbox=\"yes\" data-elementor-lightbox-slideshow=\"2cd4502f\" data-elementor-lightbox-title=\"plazara-familia egonaldia-prentsaurrekoa4\" data-e-action-hash=\"#elementor-action%3Aaction%3Dlightbox%26settings%3DeyJpZCI6MTc2NTcsInVybCI6Imh0dHBzOlwvXC9wbGF6YXJhLmV1c1wvd3AtY29udGVudFwvdXBsb2Fkc1wvMjAyNlwvMDFcL3BsYXphcmEtZmFtaWxpYS1lZ29uYWxkaWEtcHJlbnRzYXVycmVrb2E0LmpwZWciLCJzbGlkZXNob3ciOiIyY2Q0NTAyZiJ9\">\n\t\t\t\t\t<div class=\"e-gallery-image elementor-gallery-item__image\" data-thumbnail=\"https:\/\/plazara.eus\/wp-content\/uploads\/2026\/01\/plazara-familia-egonaldia-prentsaurrekoa4.jpeg\" data-width=\"1600\" data-height=\"1069\" aria-label=\"\" role=\"img\" ><\/div>\n\t\t\t\t\t\t\t\t\t\t\t<div class=\"elementor-gallery-item__overlay\"><\/div>\n\t\t\t\t\t\t\t\t\t\t\t\t\t\t<\/a>\n\t\t\t\t\t\t\t<a class=\"e-gallery-item elementor-gallery-item elementor-animated-content\" href=\"https:\/\/plazara.eus\/wp-content\/uploads\/2026\/01\/plazara-familia-egonaldia-prentsaurrekoa5.jpeg\" data-elementor-open-lightbox=\"yes\" data-elementor-lightbox-slideshow=\"2cd4502f\" data-elementor-lightbox-title=\"plazara-familia egonaldia-prentsaurrekoa5\" data-e-action-hash=\"#elementor-action%3Aaction%3Dlightbox%26settings%3DeyJpZCI6MTc2NTksInVybCI6Imh0dHBzOlwvXC9wbGF6YXJhLmV1c1wvd3AtY29udGVudFwvdXBsb2Fkc1wvMjAyNlwvMDFcL3BsYXphcmEtZmFtaWxpYS1lZ29uYWxkaWEtcHJlbnRzYXVycmVrb2E1LmpwZWciLCJzbGlkZXNob3ciOiIyY2Q0NTAyZiJ9\">\n\t\t\t\t\t<div class=\"e-gallery-image elementor-gallery-item__image\" data-thumbnail=\"https:\/\/plazara.eus\/wp-content\/uploads\/2026\/01\/plazara-familia-egonaldia-prentsaurrekoa5.jpeg\" data-width=\"1600\" data-height=\"1069\" aria-label=\"\" role=\"img\" ><\/div>\n\t\t\t\t\t\t\t\t\t\t\t<div class=\"elementor-gallery-item__overlay\"><\/div>\n\t\t\t\t\t\t\t\t\t\t\t\t\t\t<\/a>\n\t\t\t\t\t\t\t<a class=\"e-gallery-item elementor-gallery-item elementor-animated-content\" href=\"https:\/\/plazara.eus\/wp-content\/uploads\/2026\/01\/plazara-familia-egonaldia-prentsaurrekoa7.jpeg\" data-elementor-open-lightbox=\"yes\" data-elementor-lightbox-slideshow=\"2cd4502f\" data-elementor-lightbox-title=\"plazara-familia egonaldia-prentsaurrekoa7\" data-e-action-hash=\"#elementor-action%3Aaction%3Dlightbox%26settings%3DeyJpZCI6MTc2NjMsInVybCI6Imh0dHBzOlwvXC9wbGF6YXJhLmV1c1wvd3AtY29udGVudFwvdXBsb2Fkc1wvMjAyNlwvMDFcL3BsYXphcmEtZmFtaWxpYS1lZ29uYWxkaWEtcHJlbnRzYXVycmVrb2E3LmpwZWciLCJzbGlkZXNob3ciOiIyY2Q0NTAyZiJ9\">\n\t\t\t\t\t<div class=\"e-gallery-image elementor-gallery-item__image\" data-thumbnail=\"https:\/\/plazara.eus\/wp-content\/uploads\/2026\/01\/plazara-familia-egonaldia-prentsaurrekoa7.jpeg\" data-width=\"1600\" data-height=\"1069\" aria-label=\"\" role=\"img\" ><\/div>\n\t\t\t\t\t\t\t\t\t\t\t<div class=\"elementor-gallery-item__overlay\"><\/div>\n\t\t\t\t\t\t\t\t\t\t\t\t\t\t<\/a>\n\t\t\t\t\t\t\t<a class=\"e-gallery-item elementor-gallery-item elementor-animated-content\" href=\"https:\/\/plazara.eus\/wp-content\/uploads\/2026\/01\/plazara-familia-egonaldia-prentsaurrekoa9.jpeg\" data-elementor-open-lightbox=\"yes\" data-elementor-lightbox-slideshow=\"2cd4502f\" data-elementor-lightbox-title=\"plazara-familia egonaldia-prentsaurrekoa9\" data-e-action-hash=\"#elementor-action%3Aaction%3Dlightbox%26settings%3DeyJpZCI6MTc2NjcsInVybCI6Imh0dHBzOlwvXC9wbGF6YXJhLmV1c1wvd3AtY29udGVudFwvdXBsb2Fkc1wvMjAyNlwvMDFcL3BsYXphcmEtZmFtaWxpYS1lZ29uYWxkaWEtcHJlbnRzYXVycmVrb2E5LmpwZWciLCJzbGlkZXNob3ciOiIyY2Q0NTAyZiJ9\">\n\t\t\t\t\t<div class=\"e-gallery-image elementor-gallery-item__image\" data-thumbnail=\"https:\/\/plazara.eus\/wp-content\/uploads\/2026\/01\/plazara-familia-egonaldia-prentsaurrekoa9.jpeg\" data-width=\"1600\" data-height=\"1069\" aria-label=\"\" role=\"img\" ><\/div>\n\t\t\t\t\t\t\t\t\t\t\t<div class=\"elementor-gallery-item__overlay\"><\/div>\n\t\t\t\t\t\t\t\t\t\t\t\t\t\t<\/a>\n\t\t\t\t\t\t\t<a class=\"e-gallery-item elementor-gallery-item elementor-animated-content\" href=\"https:\/\/plazara.eus\/wp-content\/uploads\/2026\/01\/plazara-familia-egonaldia-prentsaurrekoa10.jpeg\" data-elementor-open-lightbox=\"yes\" data-elementor-lightbox-slideshow=\"2cd4502f\" data-elementor-lightbox-title=\"plazara-familia egonaldia-prentsaurrekoa10\" data-e-action-hash=\"#elementor-action%3Aaction%3Dlightbox%26settings%3DeyJpZCI6MTc2NjksInVybCI6Imh0dHBzOlwvXC9wbGF6YXJhLmV1c1wvd3AtY29udGVudFwvdXBsb2Fkc1wvMjAyNlwvMDFcL3BsYXphcmEtZmFtaWxpYS1lZ29uYWxkaWEtcHJlbnRzYXVycmVrb2ExMC5qcGVnIiwic2xpZGVzaG93IjoiMmNkNDUwMmYifQ%3D%3D\">\n\t\t\t\t\t<div class=\"e-gallery-image elementor-gallery-item__image\" data-thumbnail=\"https:\/\/plazara.eus\/wp-content\/uploads\/2026\/01\/plazara-familia-egonaldia-prentsaurrekoa10.jpeg\" data-width=\"1069\" data-height=\"1600\" aria-label=\"\" role=\"img\" ><\/div>\n\t\t\t\t\t\t\t\t\t\t\t<div class=\"elementor-gallery-item__overlay\"><\/div>\n\t\t\t\t\t\t\t\t\t\t\t\t\t\t<\/a>\n\t\t\t\t\t\t\t<a class=\"e-gallery-item elementor-gallery-item elementor-animated-content\" href=\"https:\/\/plazara.eus\/wp-content\/uploads\/2026\/01\/plazara-familia-egonaldia-prentsaurrekoa11.jpeg\" data-elementor-open-lightbox=\"yes\" data-elementor-lightbox-slideshow=\"2cd4502f\" data-elementor-lightbox-title=\"plazara-familia egonaldia-prentsaurrekoa11\" data-e-action-hash=\"#elementor-action%3Aaction%3Dlightbox%26settings%3DeyJpZCI6MTc2NzEsInVybCI6Imh0dHBzOlwvXC9wbGF6YXJhLmV1c1wvd3AtY29udGVudFwvdXBsb2Fkc1wvMjAyNlwvMDFcL3BsYXphcmEtZmFtaWxpYS1lZ29uYWxkaWEtcHJlbnRzYXVycmVrb2ExMS5qcGVnIiwic2xpZGVzaG93IjoiMmNkNDUwMmYifQ%3D%3D\">\n\t\t\t\t\t<div class=\"e-gallery-image elementor-gallery-item__image\" data-thumbnail=\"https:\/\/plazara.eus\/wp-content\/uploads\/2026\/01\/plazara-familia-egonaldia-prentsaurrekoa11.jpeg\" data-width=\"1535\" data-height=\"1080\" aria-label=\"\" role=\"img\" ><\/div>\n\t\t\t\t\t\t\t\t\t\t\t<div class=\"elementor-gallery-item__overlay\"><\/div>\n\t\t\t\t\t\t\t\t\t\t\t\t\t\t<\/a>\n\t\t\t\t\t\t\t<a class=\"e-gallery-item elementor-gallery-item elementor-animated-content\" href=\"https:\/\/plazara.eus\/wp-content\/uploads\/2026\/01\/plazara-familia-egonaldia-prentsaurrekoa12.jpeg\" data-elementor-open-lightbox=\"yes\" data-elementor-lightbox-slideshow=\"2cd4502f\" data-elementor-lightbox-title=\"plazara-familia egonaldia-prentsaurrekoa12\" data-e-action-hash=\"#elementor-action%3Aaction%3Dlightbox%26settings%3DeyJpZCI6MTc2NzMsInVybCI6Imh0dHBzOlwvXC9wbGF6YXJhLmV1c1wvd3AtY29udGVudFwvdXBsb2Fkc1wvMjAyNlwvMDFcL3BsYXphcmEtZmFtaWxpYS1lZ29uYWxkaWEtcHJlbnRzYXVycmVrb2ExMi5qcGVnIiwic2xpZGVzaG93IjoiMmNkNDUwMmYifQ%3D%3D\">\n\t\t\t\t\t<div class=\"e-gallery-image elementor-gallery-item__image\" data-thumbnail=\"https:\/\/plazara.eus\/wp-content\/uploads\/2026\/01\/plazara-familia-egonaldia-prentsaurrekoa12.jpeg\" data-width=\"1600\" data-height=\"1069\" aria-label=\"\" role=\"img\" ><\/div>\n\t\t\t\t\t\t\t\t\t\t\t<div class=\"elementor-gallery-item__overlay\"><\/div>\n\t\t\t\t\t\t\t\t\t\t\t\t\t\t<\/a>\n\t\t\t\t\t\t\t<a class=\"e-gallery-item elementor-gallery-item elementor-animated-content\" href=\"https:\/\/plazara.eus\/wp-content\/uploads\/2026\/01\/plazara-familia-egonaldia-prentsaurrekoa13.jpeg\" data-elementor-open-lightbox=\"yes\" data-elementor-lightbox-slideshow=\"2cd4502f\" data-elementor-lightbox-title=\"plazara-familia egonaldia-prentsaurrekoa13\" data-e-action-hash=\"#elementor-action%3Aaction%3Dlightbox%26settings%3DeyJpZCI6MTc2NzUsInVybCI6Imh0dHBzOlwvXC9wbGF6YXJhLmV1c1wvd3AtY29udGVudFwvdXBsb2Fkc1wvMjAyNlwvMDFcL3BsYXphcmEtZmFtaWxpYS1lZ29uYWxkaWEtcHJlbnRzYXVycmVrb2ExMy5qcGVnIiwic2xpZGVzaG93IjoiMmNkNDUwMmYifQ%3D%3D\">\n\t\t\t\t\t<div class=\"e-gallery-image elementor-gallery-item__image\" data-thumbnail=\"https:\/\/plazara.eus\/wp-content\/uploads\/2026\/01\/plazara-familia-egonaldia-prentsaurrekoa13.jpeg\" data-width=\"1600\" data-height=\"1069\" aria-label=\"\" role=\"img\" ><\/div>\n\t\t\t\t\t\t\t\t\t\t\t<div class=\"elementor-gallery-item__overlay\"><\/div>\n\t\t\t\t\t\t\t\t\t\t\t\t\t\t<\/a>\n\t\t\t\t\t\t\t<a class=\"e-gallery-item elementor-gallery-item elementor-animated-content\" href=\"https:\/\/plazara.eus\/wp-content\/uploads\/2026\/01\/plazara-familia-egonaldia-prentsaurrekoa16.jpeg\" data-elementor-open-lightbox=\"yes\" data-elementor-lightbox-slideshow=\"2cd4502f\" data-elementor-lightbox-title=\"plazara-familia egonaldia-prentsaurrekoa16\" data-e-action-hash=\"#elementor-action%3Aaction%3Dlightbox%26settings%3DeyJpZCI6MTc2ODEsInVybCI6Imh0dHBzOlwvXC9wbGF6YXJhLmV1c1wvd3AtY29udGVudFwvdXBsb2Fkc1wvMjAyNlwvMDFcL3BsYXphcmEtZmFtaWxpYS1lZ29uYWxkaWEtcHJlbnRzYXVycmVrb2ExNi5qcGVnIiwic2xpZGVzaG93IjoiMmNkNDUwMmYifQ%3D%3D\">\n\t\t\t\t\t<div class=\"e-gallery-image elementor-gallery-item__image\" data-thumbnail=\"https:\/\/plazara.eus\/wp-content\/uploads\/2026\/01\/plazara-familia-egonaldia-prentsaurrekoa16.jpeg\" data-width=\"1600\" data-height=\"1069\" aria-label=\"\" role=\"img\" ><\/div>\n\t\t\t\t\t\t\t\t\t\t\t<div class=\"elementor-gallery-item__overlay\"><\/div>\n\t\t\t\t\t\t\t\t\t\t\t\t\t\t<\/a>\n\t\t\t\t\t\t\t<a class=\"e-gallery-item elementor-gallery-item elementor-animated-content\" href=\"https:\/\/plazara.eus\/wp-content\/uploads\/2026\/01\/plazara-familia-egonaldia-prentsaurrekoa17.jpeg\" data-elementor-open-lightbox=\"yes\" data-elementor-lightbox-slideshow=\"2cd4502f\" data-elementor-lightbox-title=\"plazara-familia egonaldia-prentsaurrekoa17\" data-e-action-hash=\"#elementor-action%3Aaction%3Dlightbox%26settings%3DeyJpZCI6MTc2ODMsInVybCI6Imh0dHBzOlwvXC9wbGF6YXJhLmV1c1wvd3AtY29udGVudFwvdXBsb2Fkc1wvMjAyNlwvMDFcL3BsYXphcmEtZmFtaWxpYS1lZ29uYWxkaWEtcHJlbnRzYXVycmVrb2ExNy5qcGVnIiwic2xpZGVzaG93IjoiMmNkNDUwMmYifQ%3D%3D\">\n\t\t\t\t\t<div class=\"e-gallery-image elementor-gallery-item__image\" data-thumbnail=\"https:\/\/plazara.eus\/wp-content\/uploads\/2026\/01\/plazara-familia-egonaldia-prentsaurrekoa17.jpeg\" data-width=\"932\" data-height=\"1165\" aria-label=\"\" role=\"img\" ><\/div>\n\t\t\t\t\t\t\t\t\t\t\t<div class=\"elementor-gallery-item__overlay\"><\/div>\n\t\t\t\t\t\t\t\t\t\t\t\t\t\t<\/a>\n\t\t\t\t\t\t\t<a class=\"e-gallery-item elementor-gallery-item elementor-animated-content\" href=\"https:\/\/plazara.eus\/wp-content\/uploads\/2026\/01\/plazara-familia-egonaldia-prentsaurrekoa18.jpeg\" data-elementor-open-lightbox=\"yes\" data-elementor-lightbox-slideshow=\"2cd4502f\" data-elementor-lightbox-title=\"plazara-familia egonaldia-prentsaurrekoa18\" data-e-action-hash=\"#elementor-action%3Aaction%3Dlightbox%26settings%3DeyJpZCI6MTc2ODUsInVybCI6Imh0dHBzOlwvXC9wbGF6YXJhLmV1c1wvd3AtY29udGVudFwvdXBsb2Fkc1wvMjAyNlwvMDFcL3BsYXphcmEtZmFtaWxpYS1lZ29uYWxkaWEtcHJlbnRzYXVycmVrb2ExOC5qcGVnIiwic2xpZGVzaG93IjoiMmNkNDUwMmYifQ%3D%3D\">\n\t\t\t\t\t<div class=\"e-gallery-image elementor-gallery-item__image\" data-thumbnail=\"https:\/\/plazara.eus\/wp-content\/uploads\/2026\/01\/plazara-familia-egonaldia-prentsaurrekoa18.jpeg\" data-width=\"1600\" data-height=\"1069\" aria-label=\"\" role=\"img\" ><\/div>\n\t\t\t\t\t\t\t\t\t\t\t<div class=\"elementor-gallery-item__overlay\"><\/div>\n\t\t\t\t\t\t\t\t\t\t\t\t\t\t<\/a>\n\t\t\t\t\t<\/div>\n\t\t\t\t\t<\/div>\n\t\t\t\t<\/div>\n\t\t\t\t\t<\/div>\n\t\t\t\t<\/div>\n\t\t<div class=\"elementor-element elementor-element-60d83e60 e-flex e-con-boxed e-con e-parent\" data-id=\"60d83e60\" data-element_type=\"container\" data-e-type=\"container\" data-settings=\"{&quot;background_background&quot;:&quot;classic&quot;}\">\n\t\t\t\t\t<div class=\"e-con-inner\">\n\t\t\t\t<div class=\"elementor-element elementor-element-306e2bee elementor-widget elementor-widget-text-editor\" data-id=\"306e2bee\" data-element_type=\"widget\" data-e-type=\"widget\" data-widget_type=\"text-editor.default\">\n\t\t\t\t<div class=\"elementor-widget-container\">\n\t\t\t\t\t\t\t\t\t<p><strong>Attention !<\/strong> Les inscriptions sont ouvertes jusqu\u2019au <strong>30 janvier 2026<\/strong>.<\/p>\t\t\t\t\t\t\t\t<\/div>\n\t\t\t\t<\/div>\n\t\t\t\t<div class=\"elementor-element elementor-element-2c0d6816 elementor-widget elementor-widget-text-editor\" data-id=\"2c0d6816\" data-element_type=\"widget\" data-e-type=\"widget\" data-widget_type=\"text-editor.default\">\n\t\t\t\t<div class=\"elementor-widget-container\">\n\t\t\t\t\t\t\t\t\t<h5><strong>Plus d\u2019informations et inscriptions<\/strong><\/h5>\t\t\t\t\t\t\t\t<\/div>\n\t\t\t\t<\/div>\n\t\t\t\t<div class=\"elementor-element elementor-element-6e6d6202 elementor-align-center elementor-widget elementor-widget-button\" data-id=\"6e6d6202\" data-element_type=\"widget\" data-e-type=\"widget\" data-widget_type=\"button.default\">\n\t\t\t\t<div class=\"elementor-widget-container\">\n\t\t\t\t\t\t\t\t\t<div class=\"elementor-button-wrapper\">\n\t\t\t\t\t<a class=\"elementor-button elementor-button-link elementor-size-sm\" href=\"https:\/\/plazara.eus\/fr\/familia-egonaldia\/\" target=\"_blank\">\n\t\t\t\t\t\t<span class=\"elementor-button-content-wrapper\">\n\t\t\t\t\t\t\t\t\t<span class=\"elementor-button-text\">Par ici<\/span>\n\t\t\t\t\t<\/span>\n\t\t\t\t\t<\/a>\n\t\t\t\t<\/div>\n\t\t\t\t\t\t\t\t<\/div>\n\t\t\t\t<\/div>\n\t\t\t\t\t<\/div>\n\t\t\t\t<\/div>\n\t\t\t\t<\/div>\n\t\t","protected":false},"excerpt":{"rendered":"<p>Pour bien commencer l\u2019ann\u00e9e, nous avons pr\u00e9sent\u00e9 les nouveaut\u00e9s du s\u00e9jour linguistique et itin\u00e9rant Familia egonaldia, aux c\u00f4t\u00e9s de nos partenaires AEK, UDA LEKU, DINDAIA et EBETE. Des repr\u00e9sentant\u00b7e\u00b7s des institutions qui soutiennent le projet \u00e9taient \u00e9galement pr\u00e9sent\u00b7e\u00b7s. Les conf\u00e9rences de presse ne sont pas toujours un exercice simple\u2026 mais certaines laissent un go\u00fbt particuli\u00e8rement [&hellip;]<\/p>\n","protected":false},"author":1,"featured_media":17671,"comment_status":"closed","ping_status":"closed","sticky":false,"template":"","format":"standard","meta":{"_acf_changed":false,"footnotes":""},"categories":[119],"tags":[],"class_list":["post-17693","post","type-post","status-publish","format-standard","has-post-thumbnail","hentry","category-nos-projets"],"acf":[],"yoast_head":"<!-- This site is optimized with the Yoast SEO plugin v27.4 - https:\/\/yoast.com\/product\/yoast-seo-wordpress\/ -->\n<title>C\u2019est parti pour une nouvelle ann\u00e9e ! &#8226; Plazara<\/title>\n<meta name=\"robots\" content=\"index, follow, max-snippet:-1, max-image-preview:large, max-video-preview:-1\" \/>\n<link rel=\"canonical\" href=\"https:\/\/plazara.eus\/fr\/cest-parti-pour-une-nouvelle-annee\/\" \/>\n<meta property=\"og:locale\" content=\"fr_FR\" \/>\n<meta property=\"og:type\" content=\"article\" \/>\n<meta property=\"og:title\" content=\"C\u2019est parti pour une nouvelle ann\u00e9e ! &#8226; Plazara\" \/>\n<meta property=\"og:description\" content=\"Pour bien commencer l\u2019ann\u00e9e, nous avons pr\u00e9sent\u00e9 les nouveaut\u00e9s du s\u00e9jour linguistique et itin\u00e9rant Familia egonaldia, aux c\u00f4t\u00e9s de nos partenaires AEK, UDA LEKU, DINDAIA et EBETE. Des repr\u00e9sentant\u00b7e\u00b7s des institutions qui soutiennent le projet \u00e9taient \u00e9galement pr\u00e9sent\u00b7e\u00b7s. Les conf\u00e9rences de presse ne sont pas toujours un exercice simple\u2026 mais certaines laissent un go\u00fbt particuli\u00e8rement [&hellip;]\" \/>\n<meta property=\"og:url\" content=\"https:\/\/plazara.eus\/fr\/cest-parti-pour-une-nouvelle-annee\/\" \/>\n<meta property=\"og:site_name\" content=\"Plazara\" \/>\n<meta property=\"article:publisher\" content=\"https:\/\/www.facebook.com\/plazara.koop\" \/>\n<meta property=\"article:published_time\" content=\"2026-01-09T09:57:15+00:00\" \/>\n<meta property=\"article:modified_time\" content=\"2026-01-09T11:06:59+00:00\" \/>\n<meta property=\"og:image\" content=\"https:\/\/plazara.eus\/wp-content\/uploads\/2026\/01\/plazara-familia-egonaldia-prentsaurrekoa11.jpeg\" \/>\n\t<meta property=\"og:image:width\" content=\"1535\" \/>\n\t<meta property=\"og:image:height\" content=\"1080\" \/>\n\t<meta property=\"og:image:type\" content=\"image\/jpeg\" \/>\n<meta name=\"author\" content=\"admin\" \/>\n<meta name=\"twitter:card\" content=\"summary_large_image\" \/>\n<meta name=\"twitter:label1\" content=\"\u00c9crit par\" \/>\n\t<meta name=\"twitter:data1\" content=\"admin\" \/>\n\t<meta name=\"twitter:label2\" content=\"Dur\u00e9e de lecture estim\u00e9e\" \/>\n\t<meta name=\"twitter:data2\" content=\"2 minutes\" \/>\n<script type=\"application\/ld+json\" class=\"yoast-schema-graph\">{\"@context\":\"https:\\\/\\\/schema.org\",\"@graph\":[{\"@type\":\"Article\",\"@id\":\"https:\\\/\\\/plazara.eus\\\/fr\\\/cest-parti-pour-une-nouvelle-annee\\\/#article\",\"isPartOf\":{\"@id\":\"https:\\\/\\\/plazara.eus\\\/fr\\\/cest-parti-pour-une-nouvelle-annee\\\/\"},\"author\":{\"name\":\"admin\",\"@id\":\"https:\\\/\\\/plazara.eus\\\/fr\\\/#\\\/schema\\\/person\\\/f654adbfb96fb1dd2a67067248a4d25a\"},\"headline\":\"C\u2019est parti pour une nouvelle ann\u00e9e !\",\"datePublished\":\"2026-01-09T09:57:15+00:00\",\"dateModified\":\"2026-01-09T11:06:59+00:00\",\"mainEntityOfPage\":{\"@id\":\"https:\\\/\\\/plazara.eus\\\/fr\\\/cest-parti-pour-une-nouvelle-annee\\\/\"},\"wordCount\":459,\"publisher\":{\"@id\":\"https:\\\/\\\/plazara.eus\\\/fr\\\/#organization\"},\"image\":{\"@id\":\"https:\\\/\\\/plazara.eus\\\/fr\\\/cest-parti-pour-une-nouvelle-annee\\\/#primaryimage\"},\"thumbnailUrl\":\"https:\\\/\\\/plazara.eus\\\/wp-content\\\/uploads\\\/2026\\\/01\\\/plazara-familia-egonaldia-prentsaurrekoa11.jpeg\",\"articleSection\":[\"Nos projets\"],\"inLanguage\":\"fr-FR\"},{\"@type\":\"WebPage\",\"@id\":\"https:\\\/\\\/plazara.eus\\\/fr\\\/cest-parti-pour-une-nouvelle-annee\\\/\",\"url\":\"https:\\\/\\\/plazara.eus\\\/fr\\\/cest-parti-pour-une-nouvelle-annee\\\/\",\"name\":\"C\u2019est parti pour une nouvelle ann\u00e9e ! &#8226; Plazara\",\"isPartOf\":{\"@id\":\"https:\\\/\\\/plazara.eus\\\/fr\\\/#website\"},\"primaryImageOfPage\":{\"@id\":\"https:\\\/\\\/plazara.eus\\\/fr\\\/cest-parti-pour-une-nouvelle-annee\\\/#primaryimage\"},\"image\":{\"@id\":\"https:\\\/\\\/plazara.eus\\\/fr\\\/cest-parti-pour-une-nouvelle-annee\\\/#primaryimage\"},\"thumbnailUrl\":\"https:\\\/\\\/plazara.eus\\\/wp-content\\\/uploads\\\/2026\\\/01\\\/plazara-familia-egonaldia-prentsaurrekoa11.jpeg\",\"datePublished\":\"2026-01-09T09:57:15+00:00\",\"dateModified\":\"2026-01-09T11:06:59+00:00\",\"breadcrumb\":{\"@id\":\"https:\\\/\\\/plazara.eus\\\/fr\\\/cest-parti-pour-une-nouvelle-annee\\\/#breadcrumb\"},\"inLanguage\":\"fr-FR\",\"potentialAction\":[{\"@type\":\"ReadAction\",\"target\":[\"https:\\\/\\\/plazara.eus\\\/fr\\\/cest-parti-pour-une-nouvelle-annee\\\/\"]}]},{\"@type\":\"ImageObject\",\"inLanguage\":\"fr-FR\",\"@id\":\"https:\\\/\\\/plazara.eus\\\/fr\\\/cest-parti-pour-une-nouvelle-annee\\\/#primaryimage\",\"url\":\"https:\\\/\\\/plazara.eus\\\/wp-content\\\/uploads\\\/2026\\\/01\\\/plazara-familia-egonaldia-prentsaurrekoa11.jpeg\",\"contentUrl\":\"https:\\\/\\\/plazara.eus\\\/wp-content\\\/uploads\\\/2026\\\/01\\\/plazara-familia-egonaldia-prentsaurrekoa11.jpeg\",\"width\":1535,\"height\":1080},{\"@type\":\"BreadcrumbList\",\"@id\":\"https:\\\/\\\/plazara.eus\\\/fr\\\/cest-parti-pour-une-nouvelle-annee\\\/#breadcrumb\",\"itemListElement\":[{\"@type\":\"ListItem\",\"position\":1,\"name\":\"Accueil\",\"item\":\"https:\\\/\\\/plazara.eus\\\/fr\\\/\"},{\"@type\":\"ListItem\",\"position\":2,\"name\":\"C\u2019est parti pour une nouvelle ann\u00e9e !\"}]},{\"@type\":\"WebSite\",\"@id\":\"https:\\\/\\\/plazara.eus\\\/fr\\\/#website\",\"url\":\"https:\\\/\\\/plazara.eus\\\/fr\\\/\",\"name\":\"Plazara\",\"description\":\"Euskara erdigunera\",\"publisher\":{\"@id\":\"https:\\\/\\\/plazara.eus\\\/fr\\\/#organization\"},\"alternateName\":\"plzr\",\"potentialAction\":[{\"@type\":\"SearchAction\",\"target\":{\"@type\":\"EntryPoint\",\"urlTemplate\":\"https:\\\/\\\/plazara.eus\\\/fr\\\/?s={search_term_string}\"},\"query-input\":{\"@type\":\"PropertyValueSpecification\",\"valueRequired\":true,\"valueName\":\"search_term_string\"}}],\"inLanguage\":\"fr-FR\"},{\"@type\":\"Organization\",\"@id\":\"https:\\\/\\\/plazara.eus\\\/fr\\\/#organization\",\"name\":\"Plazara\",\"url\":\"https:\\\/\\\/plazara.eus\\\/fr\\\/\",\"logo\":{\"@type\":\"ImageObject\",\"inLanguage\":\"fr-FR\",\"@id\":\"https:\\\/\\\/plazara.eus\\\/fr\\\/#\\\/schema\\\/logo\\\/image\\\/\",\"url\":\"https:\\\/\\\/plazara.eus\\\/wp-content\\\/uploads\\\/2023\\\/09\\\/logo-plazara-mobile.png\",\"contentUrl\":\"https:\\\/\\\/plazara.eus\\\/wp-content\\\/uploads\\\/2023\\\/09\\\/logo-plazara-mobile.png\",\"width\":265,\"height\":90,\"caption\":\"Plazara\"},\"image\":{\"@id\":\"https:\\\/\\\/plazara.eus\\\/fr\\\/#\\\/schema\\\/logo\\\/image\\\/\"},\"sameAs\":[\"https:\\\/\\\/www.facebook.com\\\/plazara.koop\",\"https:\\\/\\\/www.instagram.com\\\/plazara.koop\\\/\"]},{\"@type\":\"Person\",\"@id\":\"https:\\\/\\\/plazara.eus\\\/fr\\\/#\\\/schema\\\/person\\\/f654adbfb96fb1dd2a67067248a4d25a\",\"name\":\"admin\",\"image\":{\"@type\":\"ImageObject\",\"inLanguage\":\"fr-FR\",\"@id\":\"https:\\\/\\\/secure.gravatar.com\\\/avatar\\\/10eae57f9d0e64fa4fa966e9ec11974748bd29387a0dfa01a9623967684428bd?s=96&d=mm&r=g\",\"url\":\"https:\\\/\\\/secure.gravatar.com\\\/avatar\\\/10eae57f9d0e64fa4fa966e9ec11974748bd29387a0dfa01a9623967684428bd?s=96&d=mm&r=g\",\"contentUrl\":\"https:\\\/\\\/secure.gravatar.com\\\/avatar\\\/10eae57f9d0e64fa4fa966e9ec11974748bd29387a0dfa01a9623967684428bd?s=96&d=mm&r=g\",\"caption\":\"admin\"},\"sameAs\":[\"https:\\\/\\\/plazara.lantegia.io\"],\"url\":\"https:\\\/\\\/plazara.eus\\\/fr\\\/author\\\/davidsoroheta_2jupt0jj\\\/\"}]}<\/script>\n<!-- \/ Yoast SEO plugin. -->","yoast_head_json":{"title":"C\u2019est parti pour une nouvelle ann\u00e9e ! &#8226; Plazara","robots":{"index":"index","follow":"follow","max-snippet":"max-snippet:-1","max-image-preview":"max-image-preview:large","max-video-preview":"max-video-preview:-1"},"canonical":"https:\/\/plazara.eus\/fr\/cest-parti-pour-une-nouvelle-annee\/","og_locale":"fr_FR","og_type":"article","og_title":"C\u2019est parti pour une nouvelle ann\u00e9e ! &#8226; Plazara","og_description":"Pour bien commencer l\u2019ann\u00e9e, nous avons pr\u00e9sent\u00e9 les nouveaut\u00e9s du s\u00e9jour linguistique et itin\u00e9rant Familia egonaldia, aux c\u00f4t\u00e9s de nos partenaires AEK, UDA LEKU, DINDAIA et EBETE. Des repr\u00e9sentant\u00b7e\u00b7s des institutions qui soutiennent le projet \u00e9taient \u00e9galement pr\u00e9sent\u00b7e\u00b7s. Les conf\u00e9rences de presse ne sont pas toujours un exercice simple\u2026 mais certaines laissent un go\u00fbt particuli\u00e8rement [&hellip;]","og_url":"https:\/\/plazara.eus\/fr\/cest-parti-pour-une-nouvelle-annee\/","og_site_name":"Plazara","article_publisher":"https:\/\/www.facebook.com\/plazara.koop","article_published_time":"2026-01-09T09:57:15+00:00","article_modified_time":"2026-01-09T11:06:59+00:00","og_image":[{"width":1535,"height":1080,"url":"https:\/\/plazara.eus\/wp-content\/uploads\/2026\/01\/plazara-familia-egonaldia-prentsaurrekoa11.jpeg","type":"image\/jpeg"}],"author":"admin","twitter_card":"summary_large_image","twitter_misc":{"\u00c9crit par":"admin","Dur\u00e9e de lecture estim\u00e9e":"2 minutes"},"schema":{"@context":"https:\/\/schema.org","@graph":[{"@type":"Article","@id":"https:\/\/plazara.eus\/fr\/cest-parti-pour-une-nouvelle-annee\/#article","isPartOf":{"@id":"https:\/\/plazara.eus\/fr\/cest-parti-pour-une-nouvelle-annee\/"},"author":{"name":"admin","@id":"https:\/\/plazara.eus\/fr\/#\/schema\/person\/f654adbfb96fb1dd2a67067248a4d25a"},"headline":"C\u2019est parti pour une nouvelle ann\u00e9e !","datePublished":"2026-01-09T09:57:15+00:00","dateModified":"2026-01-09T11:06:59+00:00","mainEntityOfPage":{"@id":"https:\/\/plazara.eus\/fr\/cest-parti-pour-une-nouvelle-annee\/"},"wordCount":459,"publisher":{"@id":"https:\/\/plazara.eus\/fr\/#organization"},"image":{"@id":"https:\/\/plazara.eus\/fr\/cest-parti-pour-une-nouvelle-annee\/#primaryimage"},"thumbnailUrl":"https:\/\/plazara.eus\/wp-content\/uploads\/2026\/01\/plazara-familia-egonaldia-prentsaurrekoa11.jpeg","articleSection":["Nos projets"],"inLanguage":"fr-FR"},{"@type":"WebPage","@id":"https:\/\/plazara.eus\/fr\/cest-parti-pour-une-nouvelle-annee\/","url":"https:\/\/plazara.eus\/fr\/cest-parti-pour-une-nouvelle-annee\/","name":"C\u2019est parti pour une nouvelle ann\u00e9e ! &#8226; Plazara","isPartOf":{"@id":"https:\/\/plazara.eus\/fr\/#website"},"primaryImageOfPage":{"@id":"https:\/\/plazara.eus\/fr\/cest-parti-pour-une-nouvelle-annee\/#primaryimage"},"image":{"@id":"https:\/\/plazara.eus\/fr\/cest-parti-pour-une-nouvelle-annee\/#primaryimage"},"thumbnailUrl":"https:\/\/plazara.eus\/wp-content\/uploads\/2026\/01\/plazara-familia-egonaldia-prentsaurrekoa11.jpeg","datePublished":"2026-01-09T09:57:15+00:00","dateModified":"2026-01-09T11:06:59+00:00","breadcrumb":{"@id":"https:\/\/plazara.eus\/fr\/cest-parti-pour-une-nouvelle-annee\/#breadcrumb"},"inLanguage":"fr-FR","potentialAction":[{"@type":"ReadAction","target":["https:\/\/plazara.eus\/fr\/cest-parti-pour-une-nouvelle-annee\/"]}]},{"@type":"ImageObject","inLanguage":"fr-FR","@id":"https:\/\/plazara.eus\/fr\/cest-parti-pour-une-nouvelle-annee\/#primaryimage","url":"https:\/\/plazara.eus\/wp-content\/uploads\/2026\/01\/plazara-familia-egonaldia-prentsaurrekoa11.jpeg","contentUrl":"https:\/\/plazara.eus\/wp-content\/uploads\/2026\/01\/plazara-familia-egonaldia-prentsaurrekoa11.jpeg","width":1535,"height":1080},{"@type":"BreadcrumbList","@id":"https:\/\/plazara.eus\/fr\/cest-parti-pour-une-nouvelle-annee\/#breadcrumb","itemListElement":[{"@type":"ListItem","position":1,"name":"Accueil","item":"https:\/\/plazara.eus\/fr\/"},{"@type":"ListItem","position":2,"name":"C\u2019est parti pour une nouvelle ann\u00e9e !"}]},{"@type":"WebSite","@id":"https:\/\/plazara.eus\/fr\/#website","url":"https:\/\/plazara.eus\/fr\/","name":"Plazara","description":"Euskara erdigunera","publisher":{"@id":"https:\/\/plazara.eus\/fr\/#organization"},"alternateName":"plzr","potentialAction":[{"@type":"SearchAction","target":{"@type":"EntryPoint","urlTemplate":"https:\/\/plazara.eus\/fr\/?s={search_term_string}"},"query-input":{"@type":"PropertyValueSpecification","valueRequired":true,"valueName":"search_term_string"}}],"inLanguage":"fr-FR"},{"@type":"Organization","@id":"https:\/\/plazara.eus\/fr\/#organization","name":"Plazara","url":"https:\/\/plazara.eus\/fr\/","logo":{"@type":"ImageObject","inLanguage":"fr-FR","@id":"https:\/\/plazara.eus\/fr\/#\/schema\/logo\/image\/","url":"https:\/\/plazara.eus\/wp-content\/uploads\/2023\/09\/logo-plazara-mobile.png","contentUrl":"https:\/\/plazara.eus\/wp-content\/uploads\/2023\/09\/logo-plazara-mobile.png","width":265,"height":90,"caption":"Plazara"},"image":{"@id":"https:\/\/plazara.eus\/fr\/#\/schema\/logo\/image\/"},"sameAs":["https:\/\/www.facebook.com\/plazara.koop","https:\/\/www.instagram.com\/plazara.koop\/"]},{"@type":"Person","@id":"https:\/\/plazara.eus\/fr\/#\/schema\/person\/f654adbfb96fb1dd2a67067248a4d25a","name":"admin","image":{"@type":"ImageObject","inLanguage":"fr-FR","@id":"https:\/\/secure.gravatar.com\/avatar\/10eae57f9d0e64fa4fa966e9ec11974748bd29387a0dfa01a9623967684428bd?s=96&d=mm&r=g","url":"https:\/\/secure.gravatar.com\/avatar\/10eae57f9d0e64fa4fa966e9ec11974748bd29387a0dfa01a9623967684428bd?s=96&d=mm&r=g","contentUrl":"https:\/\/secure.gravatar.com\/avatar\/10eae57f9d0e64fa4fa966e9ec11974748bd29387a0dfa01a9623967684428bd?s=96&d=mm&r=g","caption":"admin"},"sameAs":["https:\/\/plazara.lantegia.io"],"url":"https:\/\/plazara.eus\/fr\/author\/davidsoroheta_2jupt0jj\/"}]}},"_links":{"self":[{"href":"https:\/\/plazara.eus\/fr\/wp-json\/wp\/v2\/posts\/17693","targetHints":{"allow":["GET"]}}],"collection":[{"href":"https:\/\/plazara.eus\/fr\/wp-json\/wp\/v2\/posts"}],"about":[{"href":"https:\/\/plazara.eus\/fr\/wp-json\/wp\/v2\/types\/post"}],"author":[{"embeddable":true,"href":"https:\/\/plazara.eus\/fr\/wp-json\/wp\/v2\/users\/1"}],"replies":[{"embeddable":true,"href":"https:\/\/plazara.eus\/fr\/wp-json\/wp\/v2\/comments?post=17693"}],"version-history":[{"count":4,"href":"https:\/\/plazara.eus\/fr\/wp-json\/wp\/v2\/posts\/17693\/revisions"}],"predecessor-version":[{"id":17698,"href":"https:\/\/plazara.eus\/fr\/wp-json\/wp\/v2\/posts\/17693\/revisions\/17698"}],"wp:featuredmedia":[{"embeddable":true,"href":"https:\/\/plazara.eus\/fr\/wp-json\/wp\/v2\/media\/17671"}],"wp:attachment":[{"href":"https:\/\/plazara.eus\/fr\/wp-json\/wp\/v2\/media?parent=17693"}],"wp:term":[{"taxonomy":"category","embeddable":true,"href":"https:\/\/plazara.eus\/fr\/wp-json\/wp\/v2\/categories?post=17693"},{"taxonomy":"post_tag","embeddable":true,"href":"https:\/\/plazara.eus\/fr\/wp-json\/wp\/v2\/tags?post=17693"}],"curies":[{"name":"wp","href":"https:\/\/api.w.org\/{rel}","templated":true}]}}