{"id":13838,"date":"2024-10-11T14:53:50","date_gmt":"2024-10-11T12:53:50","guid":{"rendered":"https:\/\/plazara.eus\/garabiderekin-hizkuntzen-etorkizunari-so\/"},"modified":"2025-11-17T14:52:23","modified_gmt":"2025-11-17T13:52:23","slug":"un-partenariat-pour-lavenir-des-langues-2","status":"publish","type":"post","link":"https:\/\/plazara.eus\/fr\/un-partenariat-pour-lavenir-des-langues-2\/","title":{"rendered":"Un partenariat pour l\u2019avenir des langues"},"content":{"rendered":"\t\t<div data-elementor-type=\"wp-post\" data-elementor-id=\"13838\" class=\"elementor elementor-13838 elementor-13816\" data-elementor-post-type=\"post\">\n\t\t\t\t<div class=\"elementor-element elementor-element-397f92c2 e-flex e-con-boxed e-con e-parent\" data-id=\"397f92c2\" data-element_type=\"container\" data-e-type=\"container\">\n\t\t\t\t\t<div class=\"e-con-inner\">\n\t\t<div class=\"elementor-element elementor-element-77d86e33 e-con-full e-flex e-con e-child\" data-id=\"77d86e33\" data-element_type=\"container\" data-e-type=\"container\">\n\t\t\t\t<div class=\"elementor-element elementor-element-63000230 elementor-widget elementor-widget-text-editor\" data-id=\"63000230\" data-element_type=\"widget\" data-e-type=\"widget\" data-widget_type=\"text-editor.default\">\n\t\t\t\t<div class=\"elementor-widget-container\">\n\t\t\t\t\t\t\t\t\t<p>En cette rentr\u00e9e 2024, nous avons profit\u00e9 de la pr\u00e9sence de 18 activistes linguistiques internationaux pour signer un partenariat avec l\u2019association Garabide, et ainsi renforcer le projet qui lie nos deux structures : la coop\u00e9ration linguistique \u00e0 travers le monde.<\/p><p>L\u2019avenir de l\u2019euskara est \u00e9troitement li\u00e9 \u00e0 celui de beaucoup d\u2019autres langues, et nous sommes convaincu.e.s qu\u2019\u00e9tablir une relation p\u00e9renne entre toutes nous permettra d\u2019aller plus loin pour assurer la diversit\u00e9 linguistique et culturelle du monde, vectrice d\u2019un \u00e9quilibre global, et d\u2019un dynamisme local.<\/p><p>Ce que nous appelons coop\u00e9ration linguistique facilite aux langues en revitalisation de partager exp\u00e9riences, outils et actions, afin de s\u2019inspirer mutuellement, et ainsi envisager notre avenir avec plus de confiance. C\u2019est avec le souci d\u2019\u00e9tablir un futur commun que nous venons de signer ce partenariat avec Garabide, association devenue v\u00e9ritable carrefour des langues du monde, dont l\u2019action constitue \u00e9galement un pan entier de la revitalisation de l\u2019euskara.<\/p>\t\t\t\t\t\t\t\t<\/div>\n\t\t\t\t<\/div>\n\t\t\t\t<\/div>\n\t\t\t\t\t<\/div>\n\t\t\t\t<\/div>\n\t\t<div class=\"elementor-element elementor-element-1e264903 e-flex e-con-boxed e-con e-parent\" data-id=\"1e264903\" data-element_type=\"container\" data-e-type=\"container\">\n\t\t\t\t\t<div class=\"e-con-inner\">\n\t\t\t\t<div class=\"elementor-element elementor-element-472de37a elementor-widget elementor-widget-text-editor\" data-id=\"472de37a\" data-element_type=\"widget\" data-e-type=\"widget\" data-widget_type=\"text-editor.default\">\n\t\t\t\t<div class=\"elementor-widget-container\">\n\t\t\t\t\t\t\t\t\t<h2>Expo \u00e0 Biltxoko<\/h2><p>Ce partenariat a permis \u00e0 Plazara d\u2019entrer en contact avec davantage de communaut\u00e9s linguistiques d\u2019Europe et du Qu\u00e9bec, et de tisser des liens plus \u00e9troits avec les Amazigh du Rif. Nous avons \u00e9galement crois\u00e9 la route de plusieurs activistes linguistiques pr\u00e9sents en Euskal Herri, via le Programme Universitaire <em>Aditu, <\/em>men\u00e9 par Garabide.<\/p><p>M\u00eame si nous constatons que la diversit\u00e9 linguistique mondiale est en p\u00e9ril, nous souhaitons aujourd\u2019hui d\u00e9finir un groupement de langues et cultures en revitalisation, et retrouver ainsi une place digne, active et fonctionnelle dans un monde qui tend \u00e0 devenir globalis\u00e9 et uniforme.<\/p><p>Parmi les actions concr\u00e8tes de notre partenariat, une expo a \u00e9t\u00e9 inaugur\u00e9e \u00e0 Biltxoko (Baiona), sur le lien qui unit langues indig\u00e8nes et pr\u00e9servation de la plan\u00e8te, et explique pourquoi un \u00e9quilibre mondial passe \u00e9galement par la diversit\u00e9 culturelle. Un point de vue qui peut para\u00eetre singulier, mais trouve \u00e9cho aupr\u00e8s d\u2019autres luttes sociales qui animent le monde\u00a0!<\/p>\t\t\t\t\t\t\t\t<\/div>\n\t\t\t\t<\/div>\n\t\t\t\t\t<\/div>\n\t\t\t\t<\/div>\n\t\t<div class=\"elementor-element elementor-element-4d30d759 e-flex e-con-boxed e-con e-parent\" data-id=\"4d30d759\" data-element_type=\"container\" data-e-type=\"container\">\n\t\t\t\t\t<div class=\"e-con-inner\">\n\t\t\t\t\t<\/div>\n\t\t\t\t<\/div>\n\t\t<div class=\"elementor-element elementor-element-134335bb e-flex e-con-boxed e-con e-parent\" data-id=\"134335bb\" data-element_type=\"container\" data-e-type=\"container\" data-settings=\"{&quot;background_background&quot;:&quot;classic&quot;}\">\n\t\t\t\t\t<div class=\"e-con-inner\">\n\t\t\t\t<div class=\"elementor-element elementor-element-709060d2 elementor-widget elementor-widget-text-editor\" data-id=\"709060d2\" data-element_type=\"widget\" data-e-type=\"widget\" data-widget_type=\"text-editor.default\">\n\t\t\t\t<div class=\"elementor-widget-container\">\n\t\t\t\t\t\t\t\t\t<h5><strong>Urrunago joateko<\/strong><\/h5>\t\t\t\t\t\t\t\t<\/div>\n\t\t\t\t<\/div>\n\t\t\t\t<div class=\"elementor-element elementor-element-735fea13 elementor-widget elementor-widget-text-editor\" data-id=\"735fea13\" data-element_type=\"widget\" data-e-type=\"widget\" data-widget_type=\"text-editor.default\">\n\t\t\t\t<div class=\"elementor-widget-container\">\n\t\t\t\t\t\t\t\t\t<p>Hizkuntza indigenak Amalurra zaintzen, Garabide elkartearen erakusketa:<\/p>\t\t\t\t\t\t\t\t<\/div>\n\t\t\t\t<\/div>\n\t\t\t\t<div class=\"elementor-element elementor-element-6c82f36b elementor-align-center elementor-widget elementor-widget-button\" data-id=\"6c82f36b\" data-element_type=\"widget\" data-e-type=\"widget\" data-widget_type=\"button.default\">\n\t\t\t\t<div class=\"elementor-widget-container\">\n\t\t\t\t\t\t\t\t\t<div class=\"elementor-button-wrapper\">\n\t\t\t\t\t<a class=\"elementor-button elementor-button-link elementor-size-sm\" href=\"https:\/\/www.garabide.eus\/euskara\/proiektuak\/hizkuntza-indigenak-ama-lurra-zaintzen\" target=\"_blank\">\n\t\t\t\t\t\t<span class=\"elementor-button-content-wrapper\">\n\t\t\t\t\t\t\t\t\t<span class=\"elementor-button-text\">Hemen<\/span>\n\t\t\t\t\t<\/span>\n\t\t\t\t\t<\/a>\n\t\t\t\t<\/div>\n\t\t\t\t\t\t\t\t<\/div>\n\t\t\t\t<\/div>\n\t\t\t\t\t<\/div>\n\t\t\t\t<\/div>\n\t\t\t\t<\/div>\n\t\t","protected":false},"excerpt":{"rendered":"<p>En cette rentr\u00e9e 2024, nous avons profit\u00e9 de la pr\u00e9sence de 18 activistes linguistiques internationaux pour signer un partenariat avec l\u2019association Garabide, et ainsi renforcer le projet qui lie nos deux structures : la coop\u00e9ration linguistique \u00e0 travers le monde. L\u2019avenir de l\u2019euskara est \u00e9troitement li\u00e9 \u00e0 celui de beaucoup d\u2019autres langues, et nous sommes [&hellip;]<\/p>\n","protected":false},"author":1,"featured_media":13802,"comment_status":"closed","ping_status":"closed","sticky":false,"template":"","format":"standard","meta":{"_acf_changed":false,"footnotes":""},"categories":[100],"tags":[],"class_list":["post-13838","post","type-post","status-publish","format-standard","has-post-thumbnail","hentry","category-vie-de-plazara"],"acf":[],"yoast_head":"<!-- This site is optimized with the Yoast SEO plugin v27.4 - https:\/\/yoast.com\/product\/yoast-seo-wordpress\/ -->\n<title>Un partenariat pour l\u2019avenir des langues &#8226; Plazara<\/title>\n<meta name=\"robots\" content=\"index, follow, max-snippet:-1, max-image-preview:large, max-video-preview:-1\" \/>\n<link rel=\"canonical\" href=\"https:\/\/plazara.eus\/fr\/un-partenariat-pour-lavenir-des-langues-2\/\" \/>\n<meta property=\"og:locale\" content=\"fr_FR\" \/>\n<meta property=\"og:type\" content=\"article\" \/>\n<meta property=\"og:title\" content=\"Un partenariat pour l\u2019avenir des langues &#8226; Plazara\" \/>\n<meta property=\"og:description\" content=\"En cette rentr\u00e9e 2024, nous avons profit\u00e9 de la pr\u00e9sence de 18 activistes linguistiques internationaux pour signer un partenariat avec l\u2019association Garabide, et ainsi renforcer le projet qui lie nos deux structures : la coop\u00e9ration linguistique \u00e0 travers le monde. L\u2019avenir de l\u2019euskara est \u00e9troitement li\u00e9 \u00e0 celui de beaucoup d\u2019autres langues, et nous sommes [&hellip;]\" \/>\n<meta property=\"og:url\" content=\"https:\/\/plazara.eus\/fr\/un-partenariat-pour-lavenir-des-langues-2\/\" \/>\n<meta property=\"og:site_name\" content=\"Plazara\" \/>\n<meta property=\"article:publisher\" content=\"https:\/\/www.facebook.com\/plazara.koop\" \/>\n<meta property=\"article:published_time\" content=\"2024-10-11T12:53:50+00:00\" \/>\n<meta property=\"article:modified_time\" content=\"2025-11-17T13:52:23+00:00\" \/>\n<meta property=\"og:image\" content=\"https:\/\/plazara.eus\/wp-content\/uploads\/2024\/10\/plazara-garabide29.jpg\" \/>\n\t<meta property=\"og:image:width\" content=\"2000\" \/>\n\t<meta property=\"og:image:height\" content=\"1337\" \/>\n\t<meta property=\"og:image:type\" content=\"image\/jpeg\" \/>\n<meta name=\"author\" content=\"admin\" \/>\n<meta name=\"twitter:card\" content=\"summary_large_image\" \/>\n<meta name=\"twitter:label1\" content=\"\u00c9crit par\" \/>\n\t<meta name=\"twitter:data1\" content=\"admin\" \/>\n\t<meta name=\"twitter:label2\" content=\"Dur\u00e9e de lecture estim\u00e9e\" \/>\n\t<meta name=\"twitter:data2\" content=\"8 minutes\" \/>\n<script type=\"application\/ld+json\" class=\"yoast-schema-graph\">{\"@context\":\"https:\\\/\\\/schema.org\",\"@graph\":[{\"@type\":\"Article\",\"@id\":\"https:\\\/\\\/plazara.eus\\\/fr\\\/un-partenariat-pour-lavenir-des-langues-2\\\/#article\",\"isPartOf\":{\"@id\":\"https:\\\/\\\/plazara.eus\\\/fr\\\/un-partenariat-pour-lavenir-des-langues-2\\\/\"},\"author\":{\"name\":\"admin\",\"@id\":\"https:\\\/\\\/plazara.eus\\\/fr\\\/#\\\/schema\\\/person\\\/f654adbfb96fb1dd2a67067248a4d25a\"},\"headline\":\"Un partenariat pour l\u2019avenir des langues\",\"datePublished\":\"2024-10-11T12:53:50+00:00\",\"dateModified\":\"2025-11-17T13:52:23+00:00\",\"mainEntityOfPage\":{\"@id\":\"https:\\\/\\\/plazara.eus\\\/fr\\\/un-partenariat-pour-lavenir-des-langues-2\\\/\"},\"wordCount\":354,\"publisher\":{\"@id\":\"https:\\\/\\\/plazara.eus\\\/fr\\\/#organization\"},\"image\":{\"@id\":\"https:\\\/\\\/plazara.eus\\\/fr\\\/un-partenariat-pour-lavenir-des-langues-2\\\/#primaryimage\"},\"thumbnailUrl\":\"https:\\\/\\\/plazara.eus\\\/wp-content\\\/uploads\\\/2024\\\/10\\\/plazara-garabide29.jpg\",\"articleSection\":[\"Vie de Plazara\"],\"inLanguage\":\"fr-FR\"},{\"@type\":\"WebPage\",\"@id\":\"https:\\\/\\\/plazara.eus\\\/fr\\\/un-partenariat-pour-lavenir-des-langues-2\\\/\",\"url\":\"https:\\\/\\\/plazara.eus\\\/fr\\\/un-partenariat-pour-lavenir-des-langues-2\\\/\",\"name\":\"Un partenariat pour l\u2019avenir des langues &#8226; Plazara\",\"isPartOf\":{\"@id\":\"https:\\\/\\\/plazara.eus\\\/fr\\\/#website\"},\"primaryImageOfPage\":{\"@id\":\"https:\\\/\\\/plazara.eus\\\/fr\\\/un-partenariat-pour-lavenir-des-langues-2\\\/#primaryimage\"},\"image\":{\"@id\":\"https:\\\/\\\/plazara.eus\\\/fr\\\/un-partenariat-pour-lavenir-des-langues-2\\\/#primaryimage\"},\"thumbnailUrl\":\"https:\\\/\\\/plazara.eus\\\/wp-content\\\/uploads\\\/2024\\\/10\\\/plazara-garabide29.jpg\",\"datePublished\":\"2024-10-11T12:53:50+00:00\",\"dateModified\":\"2025-11-17T13:52:23+00:00\",\"breadcrumb\":{\"@id\":\"https:\\\/\\\/plazara.eus\\\/fr\\\/un-partenariat-pour-lavenir-des-langues-2\\\/#breadcrumb\"},\"inLanguage\":\"fr-FR\",\"potentialAction\":[{\"@type\":\"ReadAction\",\"target\":[\"https:\\\/\\\/plazara.eus\\\/fr\\\/un-partenariat-pour-lavenir-des-langues-2\\\/\"]}]},{\"@type\":\"ImageObject\",\"inLanguage\":\"fr-FR\",\"@id\":\"https:\\\/\\\/plazara.eus\\\/fr\\\/un-partenariat-pour-lavenir-des-langues-2\\\/#primaryimage\",\"url\":\"https:\\\/\\\/plazara.eus\\\/wp-content\\\/uploads\\\/2024\\\/10\\\/plazara-garabide29.jpg\",\"contentUrl\":\"https:\\\/\\\/plazara.eus\\\/wp-content\\\/uploads\\\/2024\\\/10\\\/plazara-garabide29.jpg\",\"width\":2000,\"height\":1337,\"caption\":\"Processed with VSCO with m5 preset\"},{\"@type\":\"BreadcrumbList\",\"@id\":\"https:\\\/\\\/plazara.eus\\\/fr\\\/un-partenariat-pour-lavenir-des-langues-2\\\/#breadcrumb\",\"itemListElement\":[{\"@type\":\"ListItem\",\"position\":1,\"name\":\"Accueil\",\"item\":\"https:\\\/\\\/plazara.eus\\\/fr\\\/\"},{\"@type\":\"ListItem\",\"position\":2,\"name\":\"Un partenariat pour l\u2019avenir des langues\"}]},{\"@type\":\"WebSite\",\"@id\":\"https:\\\/\\\/plazara.eus\\\/fr\\\/#website\",\"url\":\"https:\\\/\\\/plazara.eus\\\/fr\\\/\",\"name\":\"Plazara\",\"description\":\"Euskara erdigunera\",\"publisher\":{\"@id\":\"https:\\\/\\\/plazara.eus\\\/fr\\\/#organization\"},\"alternateName\":\"plzr\",\"potentialAction\":[{\"@type\":\"SearchAction\",\"target\":{\"@type\":\"EntryPoint\",\"urlTemplate\":\"https:\\\/\\\/plazara.eus\\\/fr\\\/?s={search_term_string}\"},\"query-input\":{\"@type\":\"PropertyValueSpecification\",\"valueRequired\":true,\"valueName\":\"search_term_string\"}}],\"inLanguage\":\"fr-FR\"},{\"@type\":\"Organization\",\"@id\":\"https:\\\/\\\/plazara.eus\\\/fr\\\/#organization\",\"name\":\"Plazara\",\"url\":\"https:\\\/\\\/plazara.eus\\\/fr\\\/\",\"logo\":{\"@type\":\"ImageObject\",\"inLanguage\":\"fr-FR\",\"@id\":\"https:\\\/\\\/plazara.eus\\\/fr\\\/#\\\/schema\\\/logo\\\/image\\\/\",\"url\":\"https:\\\/\\\/plazara.eus\\\/wp-content\\\/uploads\\\/2023\\\/09\\\/logo-plazara-mobile.png\",\"contentUrl\":\"https:\\\/\\\/plazara.eus\\\/wp-content\\\/uploads\\\/2023\\\/09\\\/logo-plazara-mobile.png\",\"width\":265,\"height\":90,\"caption\":\"Plazara\"},\"image\":{\"@id\":\"https:\\\/\\\/plazara.eus\\\/fr\\\/#\\\/schema\\\/logo\\\/image\\\/\"},\"sameAs\":[\"https:\\\/\\\/www.facebook.com\\\/plazara.koop\",\"https:\\\/\\\/www.instagram.com\\\/plazara.koop\\\/\"]},{\"@type\":\"Person\",\"@id\":\"https:\\\/\\\/plazara.eus\\\/fr\\\/#\\\/schema\\\/person\\\/f654adbfb96fb1dd2a67067248a4d25a\",\"name\":\"admin\",\"image\":{\"@type\":\"ImageObject\",\"inLanguage\":\"fr-FR\",\"@id\":\"https:\\\/\\\/secure.gravatar.com\\\/avatar\\\/10eae57f9d0e64fa4fa966e9ec11974748bd29387a0dfa01a9623967684428bd?s=96&d=mm&r=g\",\"url\":\"https:\\\/\\\/secure.gravatar.com\\\/avatar\\\/10eae57f9d0e64fa4fa966e9ec11974748bd29387a0dfa01a9623967684428bd?s=96&d=mm&r=g\",\"contentUrl\":\"https:\\\/\\\/secure.gravatar.com\\\/avatar\\\/10eae57f9d0e64fa4fa966e9ec11974748bd29387a0dfa01a9623967684428bd?s=96&d=mm&r=g\",\"caption\":\"admin\"},\"sameAs\":[\"https:\\\/\\\/plazara.lantegia.io\"],\"url\":\"https:\\\/\\\/plazara.eus\\\/fr\\\/author\\\/davidsoroheta_2jupt0jj\\\/\"}]}<\/script>\n<!-- \/ Yoast SEO plugin. -->","yoast_head_json":{"title":"Un partenariat pour l\u2019avenir des langues &#8226; Plazara","robots":{"index":"index","follow":"follow","max-snippet":"max-snippet:-1","max-image-preview":"max-image-preview:large","max-video-preview":"max-video-preview:-1"},"canonical":"https:\/\/plazara.eus\/fr\/un-partenariat-pour-lavenir-des-langues-2\/","og_locale":"fr_FR","og_type":"article","og_title":"Un partenariat pour l\u2019avenir des langues &#8226; Plazara","og_description":"En cette rentr\u00e9e 2024, nous avons profit\u00e9 de la pr\u00e9sence de 18 activistes linguistiques internationaux pour signer un partenariat avec l\u2019association Garabide, et ainsi renforcer le projet qui lie nos deux structures : la coop\u00e9ration linguistique \u00e0 travers le monde. L\u2019avenir de l\u2019euskara est \u00e9troitement li\u00e9 \u00e0 celui de beaucoup d\u2019autres langues, et nous sommes [&hellip;]","og_url":"https:\/\/plazara.eus\/fr\/un-partenariat-pour-lavenir-des-langues-2\/","og_site_name":"Plazara","article_publisher":"https:\/\/www.facebook.com\/plazara.koop","article_published_time":"2024-10-11T12:53:50+00:00","article_modified_time":"2025-11-17T13:52:23+00:00","og_image":[{"width":2000,"height":1337,"url":"https:\/\/plazara.eus\/wp-content\/uploads\/2024\/10\/plazara-garabide29.jpg","type":"image\/jpeg"}],"author":"admin","twitter_card":"summary_large_image","twitter_misc":{"\u00c9crit par":"admin","Dur\u00e9e de lecture estim\u00e9e":"8 minutes"},"schema":{"@context":"https:\/\/schema.org","@graph":[{"@type":"Article","@id":"https:\/\/plazara.eus\/fr\/un-partenariat-pour-lavenir-des-langues-2\/#article","isPartOf":{"@id":"https:\/\/plazara.eus\/fr\/un-partenariat-pour-lavenir-des-langues-2\/"},"author":{"name":"admin","@id":"https:\/\/plazara.eus\/fr\/#\/schema\/person\/f654adbfb96fb1dd2a67067248a4d25a"},"headline":"Un partenariat pour l\u2019avenir des langues","datePublished":"2024-10-11T12:53:50+00:00","dateModified":"2025-11-17T13:52:23+00:00","mainEntityOfPage":{"@id":"https:\/\/plazara.eus\/fr\/un-partenariat-pour-lavenir-des-langues-2\/"},"wordCount":354,"publisher":{"@id":"https:\/\/plazara.eus\/fr\/#organization"},"image":{"@id":"https:\/\/plazara.eus\/fr\/un-partenariat-pour-lavenir-des-langues-2\/#primaryimage"},"thumbnailUrl":"https:\/\/plazara.eus\/wp-content\/uploads\/2024\/10\/plazara-garabide29.jpg","articleSection":["Vie de Plazara"],"inLanguage":"fr-FR"},{"@type":"WebPage","@id":"https:\/\/plazara.eus\/fr\/un-partenariat-pour-lavenir-des-langues-2\/","url":"https:\/\/plazara.eus\/fr\/un-partenariat-pour-lavenir-des-langues-2\/","name":"Un partenariat pour l\u2019avenir des langues &#8226; Plazara","isPartOf":{"@id":"https:\/\/plazara.eus\/fr\/#website"},"primaryImageOfPage":{"@id":"https:\/\/plazara.eus\/fr\/un-partenariat-pour-lavenir-des-langues-2\/#primaryimage"},"image":{"@id":"https:\/\/plazara.eus\/fr\/un-partenariat-pour-lavenir-des-langues-2\/#primaryimage"},"thumbnailUrl":"https:\/\/plazara.eus\/wp-content\/uploads\/2024\/10\/plazara-garabide29.jpg","datePublished":"2024-10-11T12:53:50+00:00","dateModified":"2025-11-17T13:52:23+00:00","breadcrumb":{"@id":"https:\/\/plazara.eus\/fr\/un-partenariat-pour-lavenir-des-langues-2\/#breadcrumb"},"inLanguage":"fr-FR","potentialAction":[{"@type":"ReadAction","target":["https:\/\/plazara.eus\/fr\/un-partenariat-pour-lavenir-des-langues-2\/"]}]},{"@type":"ImageObject","inLanguage":"fr-FR","@id":"https:\/\/plazara.eus\/fr\/un-partenariat-pour-lavenir-des-langues-2\/#primaryimage","url":"https:\/\/plazara.eus\/wp-content\/uploads\/2024\/10\/plazara-garabide29.jpg","contentUrl":"https:\/\/plazara.eus\/wp-content\/uploads\/2024\/10\/plazara-garabide29.jpg","width":2000,"height":1337,"caption":"Processed with VSCO with m5 preset"},{"@type":"BreadcrumbList","@id":"https:\/\/plazara.eus\/fr\/un-partenariat-pour-lavenir-des-langues-2\/#breadcrumb","itemListElement":[{"@type":"ListItem","position":1,"name":"Accueil","item":"https:\/\/plazara.eus\/fr\/"},{"@type":"ListItem","position":2,"name":"Un partenariat pour l\u2019avenir des langues"}]},{"@type":"WebSite","@id":"https:\/\/plazara.eus\/fr\/#website","url":"https:\/\/plazara.eus\/fr\/","name":"Plazara","description":"Euskara erdigunera","publisher":{"@id":"https:\/\/plazara.eus\/fr\/#organization"},"alternateName":"plzr","potentialAction":[{"@type":"SearchAction","target":{"@type":"EntryPoint","urlTemplate":"https:\/\/plazara.eus\/fr\/?s={search_term_string}"},"query-input":{"@type":"PropertyValueSpecification","valueRequired":true,"valueName":"search_term_string"}}],"inLanguage":"fr-FR"},{"@type":"Organization","@id":"https:\/\/plazara.eus\/fr\/#organization","name":"Plazara","url":"https:\/\/plazara.eus\/fr\/","logo":{"@type":"ImageObject","inLanguage":"fr-FR","@id":"https:\/\/plazara.eus\/fr\/#\/schema\/logo\/image\/","url":"https:\/\/plazara.eus\/wp-content\/uploads\/2023\/09\/logo-plazara-mobile.png","contentUrl":"https:\/\/plazara.eus\/wp-content\/uploads\/2023\/09\/logo-plazara-mobile.png","width":265,"height":90,"caption":"Plazara"},"image":{"@id":"https:\/\/plazara.eus\/fr\/#\/schema\/logo\/image\/"},"sameAs":["https:\/\/www.facebook.com\/plazara.koop","https:\/\/www.instagram.com\/plazara.koop\/"]},{"@type":"Person","@id":"https:\/\/plazara.eus\/fr\/#\/schema\/person\/f654adbfb96fb1dd2a67067248a4d25a","name":"admin","image":{"@type":"ImageObject","inLanguage":"fr-FR","@id":"https:\/\/secure.gravatar.com\/avatar\/10eae57f9d0e64fa4fa966e9ec11974748bd29387a0dfa01a9623967684428bd?s=96&d=mm&r=g","url":"https:\/\/secure.gravatar.com\/avatar\/10eae57f9d0e64fa4fa966e9ec11974748bd29387a0dfa01a9623967684428bd?s=96&d=mm&r=g","contentUrl":"https:\/\/secure.gravatar.com\/avatar\/10eae57f9d0e64fa4fa966e9ec11974748bd29387a0dfa01a9623967684428bd?s=96&d=mm&r=g","caption":"admin"},"sameAs":["https:\/\/plazara.lantegia.io"],"url":"https:\/\/plazara.eus\/fr\/author\/davidsoroheta_2jupt0jj\/"}]}},"_links":{"self":[{"href":"https:\/\/plazara.eus\/fr\/wp-json\/wp\/v2\/posts\/13838","targetHints":{"allow":["GET"]}}],"collection":[{"href":"https:\/\/plazara.eus\/fr\/wp-json\/wp\/v2\/posts"}],"about":[{"href":"https:\/\/plazara.eus\/fr\/wp-json\/wp\/v2\/types\/post"}],"author":[{"embeddable":true,"href":"https:\/\/plazara.eus\/fr\/wp-json\/wp\/v2\/users\/1"}],"replies":[{"embeddable":true,"href":"https:\/\/plazara.eus\/fr\/wp-json\/wp\/v2\/comments?post=13838"}],"version-history":[{"count":13,"href":"https:\/\/plazara.eus\/fr\/wp-json\/wp\/v2\/posts\/13838\/revisions"}],"predecessor-version":[{"id":13857,"href":"https:\/\/plazara.eus\/fr\/wp-json\/wp\/v2\/posts\/13838\/revisions\/13857"}],"wp:featuredmedia":[{"embeddable":true,"href":"https:\/\/plazara.eus\/fr\/wp-json\/wp\/v2\/media\/13802"}],"wp:attachment":[{"href":"https:\/\/plazara.eus\/fr\/wp-json\/wp\/v2\/media?parent=13838"}],"wp:term":[{"taxonomy":"category","embeddable":true,"href":"https:\/\/plazara.eus\/fr\/wp-json\/wp\/v2\/categories?post=13838"},{"taxonomy":"post_tag","embeddable":true,"href":"https:\/\/plazara.eus\/fr\/wp-json\/wp\/v2\/tags?post=13838"}],"curies":[{"name":"wp","href":"https:\/\/api.w.org\/{rel}","templated":true}]}}