{"id":13382,"date":"2024-04-21T19:11:23","date_gmt":"2024-04-21T17:11:23","guid":{"rendered":"https:\/\/plazara.eus\/elementor-13339\/"},"modified":"2024-11-21T18:43:25","modified_gmt":"2024-11-21T17:43:25","slug":"on-pour-se-connecter-a-leuskara","status":"publish","type":"post","link":"https:\/\/plazara.eus\/fr\/on-pour-se-connecter-a-leuskara\/","title":{"rendered":"ON! Pour se connecter \u00e0 l\u2019euskara"},"content":{"rendered":"\t\t<div data-elementor-type=\"wp-post\" data-elementor-id=\"13382\" class=\"elementor elementor-13382 elementor-13339\" data-elementor-post-type=\"post\">\n\t\t\t\t<div class=\"elementor-element elementor-element-7e07cd5e e-flex e-con-boxed e-con e-parent\" data-id=\"7e07cd5e\" data-element_type=\"container\" data-e-type=\"container\">\n\t\t\t\t\t<div class=\"e-con-inner\">\n\t\t\t\t<div class=\"elementor-element elementor-element-587a47a0 elementor-widget elementor-widget-text-editor\" data-id=\"587a47a0\" data-element_type=\"widget\" data-e-type=\"widget\" data-widget_type=\"text-editor.default\">\n\t\t\t\t<div class=\"elementor-widget-container\">\n\t\t\t\t\t\t\t\t\t<p>Kolektiboki landutako estrategia<\/p>\t\t\t\t\t\t\t\t<\/div>\n\t\t\t\t<\/div>\n\t\t\t\t\t<\/div>\n\t\t\t\t<\/div>\n\t\t<div class=\"elementor-element elementor-element-4b43ab79 e-flex e-con-boxed e-con e-parent\" data-id=\"4b43ab79\" data-element_type=\"container\" data-e-type=\"container\">\n\t\t\t\t\t<div class=\"e-con-inner\">\n\t\t<div class=\"elementor-element elementor-element-7fd9d63 e-con-full e-flex e-con e-child\" data-id=\"7fd9d63\" data-element_type=\"container\" data-e-type=\"container\">\n\t\t\t\t<div class=\"elementor-element elementor-element-6c2c69fb elementor-widget elementor-widget-text-editor\" data-id=\"6c2c69fb\" data-element_type=\"widget\" data-e-type=\"widget\" data-widget_type=\"text-editor.default\">\n\t\t\t\t<div class=\"elementor-widget-container\">\n\t\t\t\t\t\t\t\t\t<p><strong>Avril 2024.<\/strong> Une marque partag\u00e9e, d\u00e9di\u00e9e \u00e0 la sensibilisation autour de la langue basque, vient d\u2019\u00eatre cr\u00e9\u00e9e apr\u00e8s sept mois de r\u00e9flexion collective: <strong>ON! Se connecter \u00e0 l\u2019euskara. Pizten gaituena.<\/strong><\/p><p><strong>Septembre 2023.<\/strong> La r\u00e9flexion d\u00e9bute dans le cadre du festival Mintzalasai, au Skate Park de Biarritz. Nous voil\u00e0 r\u00e9uni.e.s entre diff\u00e9rents acteurs et secteurs de l\u2019euskara: \u00e9ducation, formation des adultes, acteurs socio-\u00e9conomiques, et quelques institutions. Tou.te.s partageons le m\u00eame souci\u00a0: mettre en place une strat\u00e9gie de sensibilisation autour de la langue basque, afin de toucher diff\u00e9rents publics, et ainsi mettre \u00e0 jour des discours motivants, des outils efficaces, et une dynamique encore plus attractive.<\/p>\t\t\t\t\t\t\t\t<\/div>\n\t\t\t\t<\/div>\n\t\t\t\t<\/div>\n\t\t<div class=\"elementor-element elementor-element-2007e8a e-con-full e-flex e-con e-child\" data-id=\"2007e8a\" data-element_type=\"container\" data-e-type=\"container\" data-settings=\"{&quot;background_background&quot;:&quot;classic&quot;}\">\n\t\t\t\t<div class=\"elementor-element elementor-element-4f9b4e72 elementor-widget elementor-widget-text-editor\" data-id=\"4f9b4e72\" data-element_type=\"widget\" data-e-type=\"widget\" data-widget_type=\"text-editor.default\">\n\t\t\t\t<div class=\"elementor-widget-container\">\n\t\t\t\t\t\t\t\t\t<p>Un dispositif partag\u00e9, r\u00e9f\u00e9rent, inclusif et actuel qui permet de r\u00e9pondre aux besoins de diff\u00e9rents publics en mati\u00e8re d&rsquo;euskara.<\/p>\t\t\t\t\t\t\t\t<\/div>\n\t\t\t\t<\/div>\n\t\t\t\t<\/div>\n\t\t\t\t\t<\/div>\n\t\t\t\t<\/div>\n\t\t<div class=\"elementor-element elementor-element-3fb97236 e-flex e-con-boxed e-con e-parent\" data-id=\"3fb97236\" data-element_type=\"container\" data-e-type=\"container\">\n\t\t\t\t\t<div class=\"e-con-inner\">\n\t\t\t\t\t<\/div>\n\t\t\t\t<\/div>\n\t\t<div class=\"elementor-element elementor-element-99f2b99 e-flex e-con-boxed e-con e-parent\" data-id=\"99f2b99\" data-element_type=\"container\" data-e-type=\"container\">\n\t\t\t\t\t<div class=\"e-con-inner\">\n\t\t\t\t<div class=\"elementor-element elementor-element-1c7731e5 elementor-widget elementor-widget-text-editor\" data-id=\"1c7731e5\" data-element_type=\"widget\" data-e-type=\"widget\" data-widget_type=\"text-editor.default\">\n\t\t\t\t<div class=\"elementor-widget-container\">\n\t\t\t\t\t\t\t\t\t<p><strong>Octobre 2023<\/strong>. Apr\u00e8s avoir formalis\u00e9 collectivement un besoin commun, notre r\u00e9flexion se poursuit donc en octobre 2023, \u00e0 Urru\u00f1a\u00a0: la cr\u00e9ation d\u2019une marque partag\u00e9e, pour mieux atteindre et activer un large panel autour de l\u2019euskara. Une marque qui concernerait \u00e0 la fois de jeunes parents qui viennent de scolariser leur enfant en langue basque\u00a0; les habitants qui viennent de s\u2019installer en Pays Basque nord, mais \u00e9galement des adultes qui apprennent le basque, voire un public bascophone d\u00e9sirant vivre davantage en euskara au quotidien, malgr\u00e9 un environnement encore limitant. En somme, cr\u00e9er une culture commune autour de l\u2019euskara en tenant compte des r\u00e9alit\u00e9s et des besoins de chacun.e.<\/p><p><strong>Novembre 2023.<\/strong> Des outils plus concrets se pr\u00e9cisent lors de la quinzaine Euskararen Urtaroa, \u00e0 Senpere. Nous validons le besoin d\u2019une charte pour g\u00e9rer notre marque partag\u00e9e, avant de nous plonger vers l\u2019\u00e9laboration d\u2019un lexique de 100 mots incontournables en basque, accompagn\u00e9 d\u2019un \u00e9dito motivant et, pourquoi pas, de courtes sessions de d\u00e9couvertes de l\u2019euskara. Le besoin d\u2019un site web r\u00e9f\u00e9rent est \u00e9galement plus que pr\u00e9sent, malgr\u00e9 des moyens encore moindres\u00a0: un portail accessible selon ses besoins li\u00e9s \u00e0 la langue basque, pour d\u00e9couvrir en quelques clics les mondes qui gravitent autour de l\u2019euskara, et un embarquement imm\u00e9diat, continu, et surtout progressif.<\/p><p><strong>Mars 2024.<\/strong> Quatri\u00e8me session de r\u00e9flexion \u00e0 Hendaia, et son mois d\u00e9di\u00e9 tout \u00e0 l\u2019euskara. Il est temps de travailler l\u2019identit\u00e9 de notre marque commune\u00a0: nos missions, nos valeurs, nos publics, nos messages&#8230; Ainsi que notre nom. Sacr\u00e9 casse-t\u00eate\u00a0! Il nous faudra une session suppl\u00e9mentaire en avril pour nous mettre d\u2019accord sur un nom qui interpelle, nous active et nous connecte\u00a0: ON! Soit le contraire de OFF, l\u2019oppos\u00e9 de NO, et l\u2019\u00e9l\u00e9ment fondamental de mots en basque tels que Egun On, On Egin et autre Ongi Etorri.<\/p><p>La prochaine \u00e9tape consistera \u00e0 travailler l\u2019identit\u00e9 visuelle de la marque avec une graphiste, et trouver d\u2019avantage de moyens pour une strat\u00e9gie de sensibilisation \u00e0 large \u00e9chelle. Nous nous r\u00e9unirons en juillet 2024, lors d\u2019une journ\u00e9e qui commencera \u00e0 socialiser la marque ON!, dans le cadre d\u2019une rencontre organis\u00e9e conjointement avec l\u2019universit\u00e9 populaire basque UEU. Laster arte!<\/p>\t\t\t\t\t\t\t\t<\/div>\n\t\t\t\t<\/div>\n\t\t\t\t\t<\/div>\n\t\t\t\t<\/div>\n\t\t<div class=\"elementor-element elementor-element-148fa58f e-flex e-con-boxed e-con e-parent\" data-id=\"148fa58f\" data-element_type=\"container\" data-e-type=\"container\" data-settings=\"{&quot;background_background&quot;:&quot;classic&quot;}\">\n\t\t\t\t\t<div class=\"e-con-inner\">\n\t\t\t\t<div class=\"elementor-element elementor-element-39c974b2 elementor-widget elementor-widget-text-editor\" data-id=\"39c974b2\" data-element_type=\"widget\" data-e-type=\"widget\" data-widget_type=\"text-editor.default\">\n\t\t\t\t<div class=\"elementor-widget-container\">\n\t\t\t\t\t\t\t\t\t<h5><strong>Parte hartze idekia:<br \/><\/strong><\/h5>\t\t\t\t\t\t\t\t<\/div>\n\t\t\t\t<\/div>\n\t\t\t\t<div class=\"elementor-element elementor-element-599cb16a elementor-align-center elementor-widget elementor-widget-button\" data-id=\"599cb16a\" data-element_type=\"widget\" data-e-type=\"widget\" data-widget_type=\"button.default\">\n\t\t\t\t<div class=\"elementor-widget-container\">\n\t\t\t\t\t\t\t\t\t<div class=\"elementor-button-wrapper\">\n\t\t\t\t\t<a class=\"elementor-button elementor-button-link elementor-size-sm\" href=\"#euskara@plazara.eus\" target=\"_blank\">\n\t\t\t\t\t\t<span class=\"elementor-button-content-wrapper\">\n\t\t\t\t\t\t\t\t\t<span class=\"elementor-button-text\">Izena eman<\/span>\n\t\t\t\t\t<\/span>\n\t\t\t\t\t<\/a>\n\t\t\t\t<\/div>\n\t\t\t\t\t\t\t\t<\/div>\n\t\t\t\t<\/div>\n\t\t\t\t\t<\/div>\n\t\t\t\t<\/div>\n\t\t\t\t<\/div>\n\t\t","protected":false},"excerpt":{"rendered":"<p>Kolektiboki landutako estrategia Avril 2024. Une marque partag\u00e9e, d\u00e9di\u00e9e \u00e0 la sensibilisation autour de la langue basque, vient d\u2019\u00eatre cr\u00e9\u00e9e apr\u00e8s sept mois de r\u00e9flexion collective: ON! Se connecter \u00e0 l\u2019euskara. Pizten gaituena. Septembre 2023. La r\u00e9flexion d\u00e9bute dans le cadre du festival Mintzalasai, au Skate Park de Biarritz. Nous voil\u00e0 r\u00e9uni.e.s entre diff\u00e9rents acteurs [&hellip;]<\/p>\n","protected":false},"author":3,"featured_media":13351,"comment_status":"closed","ping_status":"closed","sticky":false,"template":"","format":"standard","meta":{"_acf_changed":false,"footnotes":""},"categories":[119],"tags":[],"class_list":["post-13382","post","type-post","status-publish","format-standard","has-post-thumbnail","hentry","category-nos-projets"],"acf":[],"yoast_head":"<!-- This site is optimized with the Yoast SEO plugin v27.4 - https:\/\/yoast.com\/product\/yoast-seo-wordpress\/ -->\n<title>ON! Pour se connecter \u00e0 l\u2019euskara &#8226; Plazara<\/title>\n<meta name=\"robots\" content=\"index, follow, max-snippet:-1, max-image-preview:large, max-video-preview:-1\" \/>\n<link rel=\"canonical\" href=\"https:\/\/plazara.eus\/fr\/on-pour-se-connecter-a-leuskara\/\" \/>\n<meta property=\"og:locale\" content=\"fr_FR\" \/>\n<meta property=\"og:type\" content=\"article\" \/>\n<meta property=\"og:title\" content=\"ON! Pour se connecter \u00e0 l\u2019euskara &#8226; Plazara\" \/>\n<meta property=\"og:description\" content=\"Kolektiboki landutako estrategia Avril 2024. Une marque partag\u00e9e, d\u00e9di\u00e9e \u00e0 la sensibilisation autour de la langue basque, vient d\u2019\u00eatre cr\u00e9\u00e9e apr\u00e8s sept mois de r\u00e9flexion collective: ON! Se connecter \u00e0 l\u2019euskara. Pizten gaituena. Septembre 2023. La r\u00e9flexion d\u00e9bute dans le cadre du festival Mintzalasai, au Skate Park de Biarritz. Nous voil\u00e0 r\u00e9uni.e.s entre diff\u00e9rents acteurs [&hellip;]\" \/>\n<meta property=\"og:url\" content=\"https:\/\/plazara.eus\/fr\/on-pour-se-connecter-a-leuskara\/\" \/>\n<meta property=\"og:site_name\" content=\"Plazara\" \/>\n<meta property=\"article:publisher\" content=\"https:\/\/www.facebook.com\/plazara.koop\" \/>\n<meta property=\"article:published_time\" content=\"2024-04-21T17:11:23+00:00\" \/>\n<meta property=\"article:modified_time\" content=\"2024-11-21T17:43:25+00:00\" \/>\n<meta property=\"og:image\" content=\"https:\/\/plazara.eus\/wp-content\/uploads\/2024\/04\/2024-03-Gogoetaldia-Hendaia-euskaraz9.jpeg\" \/>\n\t<meta property=\"og:image:width\" content=\"1600\" \/>\n\t<meta property=\"og:image:height\" content=\"1069\" \/>\n\t<meta property=\"og:image:type\" content=\"image\/jpeg\" \/>\n<meta name=\"author\" content=\"eneko\" \/>\n<meta name=\"twitter:card\" content=\"summary_large_image\" \/>\n<meta name=\"twitter:label1\" content=\"\u00c9crit par\" \/>\n\t<meta name=\"twitter:data1\" content=\"eneko\" \/>\n\t<meta name=\"twitter:label2\" content=\"Dur\u00e9e de lecture estim\u00e9e\" \/>\n\t<meta name=\"twitter:data2\" content=\"5 minutes\" \/>\n<script type=\"application\/ld+json\" class=\"yoast-schema-graph\">{\"@context\":\"https:\\\/\\\/schema.org\",\"@graph\":[{\"@type\":\"Article\",\"@id\":\"https:\\\/\\\/plazara.eus\\\/fr\\\/on-pour-se-connecter-a-leuskara\\\/#article\",\"isPartOf\":{\"@id\":\"https:\\\/\\\/plazara.eus\\\/fr\\\/on-pour-se-connecter-a-leuskara\\\/\"},\"author\":{\"name\":\"eneko\",\"@id\":\"https:\\\/\\\/plazara.eus\\\/fr\\\/#\\\/schema\\\/person\\\/2efa7d56492acba520e414a96b8b778f\"},\"headline\":\"ON! Pour se connecter \u00e0 l\u2019euskara\",\"datePublished\":\"2024-04-21T17:11:23+00:00\",\"dateModified\":\"2024-11-21T17:43:25+00:00\",\"mainEntityOfPage\":{\"@id\":\"https:\\\/\\\/plazara.eus\\\/fr\\\/on-pour-se-connecter-a-leuskara\\\/\"},\"wordCount\":548,\"publisher\":{\"@id\":\"https:\\\/\\\/plazara.eus\\\/fr\\\/#organization\"},\"image\":{\"@id\":\"https:\\\/\\\/plazara.eus\\\/fr\\\/on-pour-se-connecter-a-leuskara\\\/#primaryimage\"},\"thumbnailUrl\":\"https:\\\/\\\/plazara.eus\\\/wp-content\\\/uploads\\\/2024\\\/04\\\/2024-03-Gogoetaldia-Hendaia-euskaraz9.jpeg\",\"articleSection\":[\"Nos projets\"],\"inLanguage\":\"fr-FR\"},{\"@type\":\"WebPage\",\"@id\":\"https:\\\/\\\/plazara.eus\\\/fr\\\/on-pour-se-connecter-a-leuskara\\\/\",\"url\":\"https:\\\/\\\/plazara.eus\\\/fr\\\/on-pour-se-connecter-a-leuskara\\\/\",\"name\":\"ON! Pour se connecter \u00e0 l\u2019euskara &#8226; Plazara\",\"isPartOf\":{\"@id\":\"https:\\\/\\\/plazara.eus\\\/fr\\\/#website\"},\"primaryImageOfPage\":{\"@id\":\"https:\\\/\\\/plazara.eus\\\/fr\\\/on-pour-se-connecter-a-leuskara\\\/#primaryimage\"},\"image\":{\"@id\":\"https:\\\/\\\/plazara.eus\\\/fr\\\/on-pour-se-connecter-a-leuskara\\\/#primaryimage\"},\"thumbnailUrl\":\"https:\\\/\\\/plazara.eus\\\/wp-content\\\/uploads\\\/2024\\\/04\\\/2024-03-Gogoetaldia-Hendaia-euskaraz9.jpeg\",\"datePublished\":\"2024-04-21T17:11:23+00:00\",\"dateModified\":\"2024-11-21T17:43:25+00:00\",\"breadcrumb\":{\"@id\":\"https:\\\/\\\/plazara.eus\\\/fr\\\/on-pour-se-connecter-a-leuskara\\\/#breadcrumb\"},\"inLanguage\":\"fr-FR\",\"potentialAction\":[{\"@type\":\"ReadAction\",\"target\":[\"https:\\\/\\\/plazara.eus\\\/fr\\\/on-pour-se-connecter-a-leuskara\\\/\"]}]},{\"@type\":\"ImageObject\",\"inLanguage\":\"fr-FR\",\"@id\":\"https:\\\/\\\/plazara.eus\\\/fr\\\/on-pour-se-connecter-a-leuskara\\\/#primaryimage\",\"url\":\"https:\\\/\\\/plazara.eus\\\/wp-content\\\/uploads\\\/2024\\\/04\\\/2024-03-Gogoetaldia-Hendaia-euskaraz9.jpeg\",\"contentUrl\":\"https:\\\/\\\/plazara.eus\\\/wp-content\\\/uploads\\\/2024\\\/04\\\/2024-03-Gogoetaldia-Hendaia-euskaraz9.jpeg\",\"width\":1600,\"height\":1069},{\"@type\":\"BreadcrumbList\",\"@id\":\"https:\\\/\\\/plazara.eus\\\/fr\\\/on-pour-se-connecter-a-leuskara\\\/#breadcrumb\",\"itemListElement\":[{\"@type\":\"ListItem\",\"position\":1,\"name\":\"Accueil\",\"item\":\"https:\\\/\\\/plazara.eus\\\/fr\\\/\"},{\"@type\":\"ListItem\",\"position\":2,\"name\":\"ON! Pour se connecter \u00e0 l\u2019euskara\"}]},{\"@type\":\"WebSite\",\"@id\":\"https:\\\/\\\/plazara.eus\\\/fr\\\/#website\",\"url\":\"https:\\\/\\\/plazara.eus\\\/fr\\\/\",\"name\":\"Plazara\",\"description\":\"Euskara erdigunera\",\"publisher\":{\"@id\":\"https:\\\/\\\/plazara.eus\\\/fr\\\/#organization\"},\"alternateName\":\"plzr\",\"potentialAction\":[{\"@type\":\"SearchAction\",\"target\":{\"@type\":\"EntryPoint\",\"urlTemplate\":\"https:\\\/\\\/plazara.eus\\\/fr\\\/?s={search_term_string}\"},\"query-input\":{\"@type\":\"PropertyValueSpecification\",\"valueRequired\":true,\"valueName\":\"search_term_string\"}}],\"inLanguage\":\"fr-FR\"},{\"@type\":\"Organization\",\"@id\":\"https:\\\/\\\/plazara.eus\\\/fr\\\/#organization\",\"name\":\"Plazara\",\"url\":\"https:\\\/\\\/plazara.eus\\\/fr\\\/\",\"logo\":{\"@type\":\"ImageObject\",\"inLanguage\":\"fr-FR\",\"@id\":\"https:\\\/\\\/plazara.eus\\\/fr\\\/#\\\/schema\\\/logo\\\/image\\\/\",\"url\":\"https:\\\/\\\/plazara.eus\\\/wp-content\\\/uploads\\\/2023\\\/09\\\/logo-plazara-mobile.png\",\"contentUrl\":\"https:\\\/\\\/plazara.eus\\\/wp-content\\\/uploads\\\/2023\\\/09\\\/logo-plazara-mobile.png\",\"width\":265,\"height\":90,\"caption\":\"Plazara\"},\"image\":{\"@id\":\"https:\\\/\\\/plazara.eus\\\/fr\\\/#\\\/schema\\\/logo\\\/image\\\/\"},\"sameAs\":[\"https:\\\/\\\/www.facebook.com\\\/plazara.koop\",\"https:\\\/\\\/www.instagram.com\\\/plazara.koop\\\/\"]},{\"@type\":\"Person\",\"@id\":\"https:\\\/\\\/plazara.eus\\\/fr\\\/#\\\/schema\\\/person\\\/2efa7d56492acba520e414a96b8b778f\",\"name\":\"eneko\",\"image\":{\"@type\":\"ImageObject\",\"inLanguage\":\"fr-FR\",\"@id\":\"https:\\\/\\\/secure.gravatar.com\\\/avatar\\\/f82fb4e5da73c0e548c2abf436700445157733af7c522b852cb22d9d3310c823?s=96&d=mm&r=g\",\"url\":\"https:\\\/\\\/secure.gravatar.com\\\/avatar\\\/f82fb4e5da73c0e548c2abf436700445157733af7c522b852cb22d9d3310c823?s=96&d=mm&r=g\",\"contentUrl\":\"https:\\\/\\\/secure.gravatar.com\\\/avatar\\\/f82fb4e5da73c0e548c2abf436700445157733af7c522b852cb22d9d3310c823?s=96&d=mm&r=g\",\"caption\":\"eneko\"},\"url\":\"https:\\\/\\\/plazara.eus\\\/fr\\\/author\\\/eneko\\\/\"}]}<\/script>\n<!-- \/ Yoast SEO plugin. -->","yoast_head_json":{"title":"ON! Pour se connecter \u00e0 l\u2019euskara &#8226; Plazara","robots":{"index":"index","follow":"follow","max-snippet":"max-snippet:-1","max-image-preview":"max-image-preview:large","max-video-preview":"max-video-preview:-1"},"canonical":"https:\/\/plazara.eus\/fr\/on-pour-se-connecter-a-leuskara\/","og_locale":"fr_FR","og_type":"article","og_title":"ON! Pour se connecter \u00e0 l\u2019euskara &#8226; Plazara","og_description":"Kolektiboki landutako estrategia Avril 2024. Une marque partag\u00e9e, d\u00e9di\u00e9e \u00e0 la sensibilisation autour de la langue basque, vient d\u2019\u00eatre cr\u00e9\u00e9e apr\u00e8s sept mois de r\u00e9flexion collective: ON! Se connecter \u00e0 l\u2019euskara. Pizten gaituena. Septembre 2023. La r\u00e9flexion d\u00e9bute dans le cadre du festival Mintzalasai, au Skate Park de Biarritz. Nous voil\u00e0 r\u00e9uni.e.s entre diff\u00e9rents acteurs [&hellip;]","og_url":"https:\/\/plazara.eus\/fr\/on-pour-se-connecter-a-leuskara\/","og_site_name":"Plazara","article_publisher":"https:\/\/www.facebook.com\/plazara.koop","article_published_time":"2024-04-21T17:11:23+00:00","article_modified_time":"2024-11-21T17:43:25+00:00","og_image":[{"width":1600,"height":1069,"url":"https:\/\/plazara.eus\/wp-content\/uploads\/2024\/04\/2024-03-Gogoetaldia-Hendaia-euskaraz9.jpeg","type":"image\/jpeg"}],"author":"eneko","twitter_card":"summary_large_image","twitter_misc":{"\u00c9crit par":"eneko","Dur\u00e9e de lecture estim\u00e9e":"5 minutes"},"schema":{"@context":"https:\/\/schema.org","@graph":[{"@type":"Article","@id":"https:\/\/plazara.eus\/fr\/on-pour-se-connecter-a-leuskara\/#article","isPartOf":{"@id":"https:\/\/plazara.eus\/fr\/on-pour-se-connecter-a-leuskara\/"},"author":{"name":"eneko","@id":"https:\/\/plazara.eus\/fr\/#\/schema\/person\/2efa7d56492acba520e414a96b8b778f"},"headline":"ON! Pour se connecter \u00e0 l\u2019euskara","datePublished":"2024-04-21T17:11:23+00:00","dateModified":"2024-11-21T17:43:25+00:00","mainEntityOfPage":{"@id":"https:\/\/plazara.eus\/fr\/on-pour-se-connecter-a-leuskara\/"},"wordCount":548,"publisher":{"@id":"https:\/\/plazara.eus\/fr\/#organization"},"image":{"@id":"https:\/\/plazara.eus\/fr\/on-pour-se-connecter-a-leuskara\/#primaryimage"},"thumbnailUrl":"https:\/\/plazara.eus\/wp-content\/uploads\/2024\/04\/2024-03-Gogoetaldia-Hendaia-euskaraz9.jpeg","articleSection":["Nos projets"],"inLanguage":"fr-FR"},{"@type":"WebPage","@id":"https:\/\/plazara.eus\/fr\/on-pour-se-connecter-a-leuskara\/","url":"https:\/\/plazara.eus\/fr\/on-pour-se-connecter-a-leuskara\/","name":"ON! Pour se connecter \u00e0 l\u2019euskara &#8226; Plazara","isPartOf":{"@id":"https:\/\/plazara.eus\/fr\/#website"},"primaryImageOfPage":{"@id":"https:\/\/plazara.eus\/fr\/on-pour-se-connecter-a-leuskara\/#primaryimage"},"image":{"@id":"https:\/\/plazara.eus\/fr\/on-pour-se-connecter-a-leuskara\/#primaryimage"},"thumbnailUrl":"https:\/\/plazara.eus\/wp-content\/uploads\/2024\/04\/2024-03-Gogoetaldia-Hendaia-euskaraz9.jpeg","datePublished":"2024-04-21T17:11:23+00:00","dateModified":"2024-11-21T17:43:25+00:00","breadcrumb":{"@id":"https:\/\/plazara.eus\/fr\/on-pour-se-connecter-a-leuskara\/#breadcrumb"},"inLanguage":"fr-FR","potentialAction":[{"@type":"ReadAction","target":["https:\/\/plazara.eus\/fr\/on-pour-se-connecter-a-leuskara\/"]}]},{"@type":"ImageObject","inLanguage":"fr-FR","@id":"https:\/\/plazara.eus\/fr\/on-pour-se-connecter-a-leuskara\/#primaryimage","url":"https:\/\/plazara.eus\/wp-content\/uploads\/2024\/04\/2024-03-Gogoetaldia-Hendaia-euskaraz9.jpeg","contentUrl":"https:\/\/plazara.eus\/wp-content\/uploads\/2024\/04\/2024-03-Gogoetaldia-Hendaia-euskaraz9.jpeg","width":1600,"height":1069},{"@type":"BreadcrumbList","@id":"https:\/\/plazara.eus\/fr\/on-pour-se-connecter-a-leuskara\/#breadcrumb","itemListElement":[{"@type":"ListItem","position":1,"name":"Accueil","item":"https:\/\/plazara.eus\/fr\/"},{"@type":"ListItem","position":2,"name":"ON! Pour se connecter \u00e0 l\u2019euskara"}]},{"@type":"WebSite","@id":"https:\/\/plazara.eus\/fr\/#website","url":"https:\/\/plazara.eus\/fr\/","name":"Plazara","description":"Euskara erdigunera","publisher":{"@id":"https:\/\/plazara.eus\/fr\/#organization"},"alternateName":"plzr","potentialAction":[{"@type":"SearchAction","target":{"@type":"EntryPoint","urlTemplate":"https:\/\/plazara.eus\/fr\/?s={search_term_string}"},"query-input":{"@type":"PropertyValueSpecification","valueRequired":true,"valueName":"search_term_string"}}],"inLanguage":"fr-FR"},{"@type":"Organization","@id":"https:\/\/plazara.eus\/fr\/#organization","name":"Plazara","url":"https:\/\/plazara.eus\/fr\/","logo":{"@type":"ImageObject","inLanguage":"fr-FR","@id":"https:\/\/plazara.eus\/fr\/#\/schema\/logo\/image\/","url":"https:\/\/plazara.eus\/wp-content\/uploads\/2023\/09\/logo-plazara-mobile.png","contentUrl":"https:\/\/plazara.eus\/wp-content\/uploads\/2023\/09\/logo-plazara-mobile.png","width":265,"height":90,"caption":"Plazara"},"image":{"@id":"https:\/\/plazara.eus\/fr\/#\/schema\/logo\/image\/"},"sameAs":["https:\/\/www.facebook.com\/plazara.koop","https:\/\/www.instagram.com\/plazara.koop\/"]},{"@type":"Person","@id":"https:\/\/plazara.eus\/fr\/#\/schema\/person\/2efa7d56492acba520e414a96b8b778f","name":"eneko","image":{"@type":"ImageObject","inLanguage":"fr-FR","@id":"https:\/\/secure.gravatar.com\/avatar\/f82fb4e5da73c0e548c2abf436700445157733af7c522b852cb22d9d3310c823?s=96&d=mm&r=g","url":"https:\/\/secure.gravatar.com\/avatar\/f82fb4e5da73c0e548c2abf436700445157733af7c522b852cb22d9d3310c823?s=96&d=mm&r=g","contentUrl":"https:\/\/secure.gravatar.com\/avatar\/f82fb4e5da73c0e548c2abf436700445157733af7c522b852cb22d9d3310c823?s=96&d=mm&r=g","caption":"eneko"},"url":"https:\/\/plazara.eus\/fr\/author\/eneko\/"}]}},"_links":{"self":[{"href":"https:\/\/plazara.eus\/fr\/wp-json\/wp\/v2\/posts\/13382","targetHints":{"allow":["GET"]}}],"collection":[{"href":"https:\/\/plazara.eus\/fr\/wp-json\/wp\/v2\/posts"}],"about":[{"href":"https:\/\/plazara.eus\/fr\/wp-json\/wp\/v2\/types\/post"}],"author":[{"embeddable":true,"href":"https:\/\/plazara.eus\/fr\/wp-json\/wp\/v2\/users\/3"}],"replies":[{"embeddable":true,"href":"https:\/\/plazara.eus\/fr\/wp-json\/wp\/v2\/comments?post=13382"}],"version-history":[{"count":27,"href":"https:\/\/plazara.eus\/fr\/wp-json\/wp\/v2\/posts\/13382\/revisions"}],"predecessor-version":[{"id":13928,"href":"https:\/\/plazara.eus\/fr\/wp-json\/wp\/v2\/posts\/13382\/revisions\/13928"}],"wp:featuredmedia":[{"embeddable":true,"href":"https:\/\/plazara.eus\/fr\/wp-json\/wp\/v2\/media\/13351"}],"wp:attachment":[{"href":"https:\/\/plazara.eus\/fr\/wp-json\/wp\/v2\/media?parent=13382"}],"wp:term":[{"taxonomy":"category","embeddable":true,"href":"https:\/\/plazara.eus\/fr\/wp-json\/wp\/v2\/categories?post=13382"},{"taxonomy":"post_tag","embeddable":true,"href":"https:\/\/plazara.eus\/fr\/wp-json\/wp\/v2\/tags?post=13382"}],"curies":[{"name":"wp","href":"https:\/\/api.w.org\/{rel}","templated":true}]}}